{"id":7766,"date":"2026-03-29T15:23:56","date_gmt":"2026-03-29T13:23:56","guid":{"rendered":"https:\/\/parafiakaliska.pl\/?p=7766"},"modified":"2026-03-29T15:24:56","modified_gmt":"2026-03-29T13:24:56","slug":"czterech-nowych-ministrantow-w-naszej-wspolnocie","status":"publish","type":"post","link":"https:\/\/parafiakaliska.pl\/index.php\/2026\/03\/29\/czterech-nowych-ministrantow-w-naszej-wspolnocie\/","title":{"rendered":"CZTERECH NOWYCH MINISTRANT\u00d3W W NASZEJ WSP\u00d3LNOCIE"},"content":{"rendered":"\n<p>Z rado\u015bci\u0105 informujemy, \u017ce od dzi\u015b, tj. 29 marca 2026 roku nasza wsp\u00f3lnota parafialna powi\u0119kszy\u0142a si\u0119 o 4 nowych ministrant\u00f3w.<\/p>\n\n\n\n<p>Podczas Mszy \u015awi\u0119tej o godz. 10:30 zostali oni uroczy\u015bcie przyj\u0119ci do s\u0142u\u017cby liturgicznej. W czasie obrz\u0119du z\u0142o\u017cyli swoje \u015blubowanie oraz otrzymali ko\u0142nierze \u2013 znak przynale\u017cno\u015bci do grona ministrant\u00f3w.<\/p>\n\n\n\n<p>\u017byczymy im wytrwa\u0142o\u015bci, gorliwo\u015bci oraz wielu \u0142ask Bo\u017cych w pe\u0142nionej s\u0142u\u017cbie przy o\u0142tarzu.<\/p>\n\n\n\n<figure class=\"wp-block-image size-large\"><img fetchpriority=\"high\" decoding=\"async\" width=\"1024\" height=\"684\" src=\"https:\/\/parafiakaliska.pl\/wp-content\/uploads\/2026\/03\/1774781415085-1024x684.jpg\" alt=\"\" class=\"wp-image-7767\" srcset=\"https:\/\/parafiakaliska.pl\/wp-content\/uploads\/2026\/03\/1774781415085-1024x684.jpg 1024w, https:\/\/parafiakaliska.pl\/wp-content\/uploads\/2026\/03\/1774781415085-300x200.jpg 300w, https:\/\/parafiakaliska.pl\/wp-content\/uploads\/2026\/03\/1774781415085-768x513.jpg 768w, https:\/\/parafiakaliska.pl\/wp-content\/uploads\/2026\/03\/1774781415085-1536x1026.jpg 1536w, https:\/\/parafiakaliska.pl\/wp-content\/uploads\/2026\/03\/1774781415085.jpg 2048w\" sizes=\"(max-width: 1024px) 100vw, 1024px\" \/><\/figure>\n\n\n\n<figure class=\"wp-block-gallery has-nested-images columns-default is-cropped wp-block-gallery-1 is-layout-flex wp-block-gallery-is-layout-flex\">\n<figure class=\"wp-block-image size-large\"><img decoding=\"async\" width=\"1024\" height=\"684\" data-id=\"7768\" src=\"https:\/\/parafiakaliska.pl\/wp-content\/uploads\/2026\/03\/1774781415065-1024x684.jpg\" alt=\"\" class=\"wp-image-7768\" srcset=\"https:\/\/parafiakaliska.pl\/wp-content\/uploads\/2026\/03\/1774781415065-1024x684.jpg 1024w, https:\/\/parafiakaliska.pl\/wp-content\/uploads\/2026\/03\/1774781415065-300x200.jpg 300w, https:\/\/parafiakaliska.pl\/wp-content\/uploads\/2026\/03\/1774781415065-768x513.jpg 768w, https:\/\/parafiakaliska.pl\/wp-content\/uploads\/2026\/03\/1774781415065-1536x1026.jpg 1536w, https:\/\/parafiakaliska.pl\/wp-content\/uploads\/2026\/03\/1774781415065.jpg 2048w\" sizes=\"(max-width: 1024px) 100vw, 1024px\" \/><\/figure>\n\n\n\n<figure class=\"wp-block-image size-large\"><img decoding=\"async\" width=\"1024\" height=\"684\" data-id=\"7769\" src=\"https:\/\/parafiakaliska.pl\/wp-content\/uploads\/2026\/03\/1774781415034-1024x684.jpg\" alt=\"\" class=\"wp-image-7769\" srcset=\"https:\/\/parafiakaliska.pl\/wp-content\/uploads\/2026\/03\/1774781415034-1024x684.jpg 1024w, https:\/\/parafiakaliska.pl\/wp-content\/uploads\/2026\/03\/1774781415034-300x200.jpg 300w, https:\/\/parafiakaliska.pl\/wp-content\/uploads\/2026\/03\/1774781415034-768x513.jpg 768w, https:\/\/parafiakaliska.pl\/wp-content\/uploads\/2026\/03\/1774781415034-1536x1026.jpg 1536w, https:\/\/parafiakaliska.pl\/wp-content\/uploads\/2026\/03\/1774781415034.jpg 2048w\" sizes=\"(max-width: 1024px) 100vw, 1024px\" \/><\/figure>\n<\/figure>\n\n\n\n<figure class=\"wp-block-gallery has-nested-images columns-default is-cropped wp-block-gallery-2 is-layout-flex wp-block-gallery-is-layout-flex\">\n<figure class=\"wp-block-image size-large\"><img loading=\"lazy\" decoding=\"async\" width=\"1024\" height=\"684\" data-id=\"7770\" src=\"https:\/\/parafiakaliska.pl\/wp-content\/uploads\/2026\/03\/1774781415024-1024x684.jpg\" alt=\"\" class=\"wp-image-7770\" srcset=\"https:\/\/parafiakaliska.pl\/wp-content\/uploads\/2026\/03\/1774781415024-1024x684.jpg 1024w, https:\/\/parafiakaliska.pl\/wp-content\/uploads\/2026\/03\/1774781415024-300x200.jpg 300w, https:\/\/parafiakaliska.pl\/wp-content\/uploads\/2026\/03\/1774781415024-768x513.jpg 768w, https:\/\/parafiakaliska.pl\/wp-content\/uploads\/2026\/03\/1774781415024-1536x1026.jpg 1536w, https:\/\/parafiakaliska.pl\/wp-content\/uploads\/2026\/03\/1774781415024.jpg 2048w\" sizes=\"(max-width: 1024px) 100vw, 1024px\" \/><\/figure>\n\n\n\n<figure class=\"wp-block-image size-large\"><img loading=\"lazy\" decoding=\"async\" width=\"1024\" height=\"684\" data-id=\"7771\" src=\"https:\/\/parafiakaliska.pl\/wp-content\/uploads\/2026\/03\/1774781414996-1024x684.jpg\" alt=\"\" class=\"wp-image-7771\" srcset=\"https:\/\/parafiakaliska.pl\/wp-content\/uploads\/2026\/03\/1774781414996-1024x684.jpg 1024w, https:\/\/parafiakaliska.pl\/wp-content\/uploads\/2026\/03\/1774781414996-300x200.jpg 300w, https:\/\/parafiakaliska.pl\/wp-content\/uploads\/2026\/03\/1774781414996-768x513.jpg 768w, https:\/\/parafiakaliska.pl\/wp-content\/uploads\/2026\/03\/1774781414996-1536x1026.jpg 1536w, https:\/\/parafiakaliska.pl\/wp-content\/uploads\/2026\/03\/1774781414996.jpg 2048w\" sizes=\"(max-width: 1024px) 100vw, 1024px\" \/><\/figure>\n<\/figure>\n\n\n\n<figure class=\"wp-block-gallery has-nested-images columns-default is-cropped wp-block-gallery-3 is-layout-flex wp-block-gallery-is-layout-flex\">\n<figure class=\"wp-block-image size-large\"><img loading=\"lazy\" decoding=\"async\" width=\"1024\" height=\"684\" data-id=\"7772\" src=\"https:\/\/parafiakaliska.pl\/wp-content\/uploads\/2026\/03\/1774781414967-1024x684.jpg\" alt=\"\" class=\"wp-image-7772\" srcset=\"https:\/\/parafiakaliska.pl\/wp-content\/uploads\/2026\/03\/1774781414967-1024x684.jpg 1024w, https:\/\/parafiakaliska.pl\/wp-content\/uploads\/2026\/03\/1774781414967-300x200.jpg 300w, https:\/\/parafiakaliska.pl\/wp-content\/uploads\/2026\/03\/1774781414967-768x513.jpg 768w, https:\/\/parafiakaliska.pl\/wp-content\/uploads\/2026\/03\/1774781414967-1536x1025.jpg 1536w, https:\/\/parafiakaliska.pl\/wp-content\/uploads\/2026\/03\/1774781414967.jpg 2048w\" sizes=\"(max-width: 1024px) 100vw, 1024px\" \/><\/figure>\n\n\n\n<figure class=\"wp-block-image size-large\"><img loading=\"lazy\" decoding=\"async\" width=\"1024\" height=\"684\" data-id=\"7773\" src=\"https:\/\/parafiakaliska.pl\/wp-content\/uploads\/2026\/03\/1774781414930-1024x684.jpg\" alt=\"\" class=\"wp-image-7773\" srcset=\"https:\/\/parafiakaliska.pl\/wp-content\/uploads\/2026\/03\/1774781414930-1024x684.jpg 1024w, https:\/\/parafiakaliska.pl\/wp-content\/uploads\/2026\/03\/1774781414930-300x200.jpg 300w, https:\/\/parafiakaliska.pl\/wp-content\/uploads\/2026\/03\/1774781414930-768x513.jpg 768w, https:\/\/parafiakaliska.pl\/wp-content\/uploads\/2026\/03\/1774781414930-1536x1026.jpg 1536w, https:\/\/parafiakaliska.pl\/wp-content\/uploads\/2026\/03\/1774781414930.jpg 2048w\" sizes=\"(max-width: 1024px) 100vw, 1024px\" \/><\/figure>\n<\/figure>\n","protected":false},"excerpt":{"rendered":"<p>Z rado\u015bci\u0105 informujemy, \u017ce od dzi\u015b, tj. 29 marca 2026 roku nasza wsp\u00f3lnota parafialna powi\u0119kszy\u0142a si\u0119 o 4 nowych ministrant\u00f3w. Podczas Mszy \u015awi\u0119tej o godz. 10:30 zostali oni uroczy\u015bcie przyj\u0119ci do s\u0142u\u017cby liturgicznej. W czasie obrz\u0119du z\u0142o\u017cyli swoje \u015blubowanie oraz otrzymali ko\u0142nierze \u2013 znak przynale\u017cno\u015bci do grona ministrant\u00f3w. \u017byczymy im wytrwa\u0142o\u015bci, gorliwo\u015bci oraz wielu \u0142ask &hellip;<\/p>\n<p class=\"read-more\"> <a class=\"\" href=\"https:\/\/parafiakaliska.pl\/index.php\/2026\/03\/29\/czterech-nowych-ministrantow-w-naszej-wspolnocie\/\"> <span class=\"screen-reader-text\">CZTERECH NOWYCH MINISTRANT\u00d3W W NASZEJ WSP\u00d3LNOCIE<\/span> Read More &raquo;<\/a><\/p>\n","protected":false},"author":3,"featured_media":0,"comment_status":"closed","ping_status":"closed","sticky":false,"template":"","format":"standard","meta":{"_eb_attr":"","site-sidebar-layout":"default","site-content-layout":"default","ast-global-header-display":"","ast-main-header-display":"","ast-hfb-above-header-display":"","ast-hfb-below-header-display":"","ast-hfb-mobile-header-display":"","site-post-title":"","ast-breadcrumbs-content":"","ast-featured-img":"","footer-sml-layout":"","theme-transparent-header-meta":"","adv-header-id-meta":"","stick-header-meta":"","header-above-stick-meta":"","header-main-stick-meta":"","header-below-stick-meta":"","footnotes":""},"categories":[],"tags":[],"class_list":["post-7766","post","type-post","status-publish","format-standard","hentry"],"_links":{"self":[{"href":"https:\/\/parafiakaliska.pl\/index.php\/wp-json\/wp\/v2\/posts\/7766","targetHints":{"allow":["GET"]}}],"collection":[{"href":"https:\/\/parafiakaliska.pl\/index.php\/wp-json\/wp\/v2\/posts"}],"about":[{"href":"https:\/\/parafiakaliska.pl\/index.php\/wp-json\/wp\/v2\/types\/post"}],"author":[{"embeddable":true,"href":"https:\/\/parafiakaliska.pl\/index.php\/wp-json\/wp\/v2\/users\/3"}],"replies":[{"embeddable":true,"href":"https:\/\/parafiakaliska.pl\/index.php\/wp-json\/wp\/v2\/comments?post=7766"}],"version-history":[{"count":3,"href":"https:\/\/parafiakaliska.pl\/index.php\/wp-json\/wp\/v2\/posts\/7766\/revisions"}],"predecessor-version":[{"id":7776,"href":"https:\/\/parafiakaliska.pl\/index.php\/wp-json\/wp\/v2\/posts\/7766\/revisions\/7776"}],"wp:attachment":[{"href":"https:\/\/parafiakaliska.pl\/index.php\/wp-json\/wp\/v2\/media?parent=7766"}],"wp:term":[{"taxonomy":"category","embeddable":true,"href":"https:\/\/parafiakaliska.pl\/index.php\/wp-json\/wp\/v2\/categories?post=7766"},{"taxonomy":"post_tag","embeddable":true,"href":"https:\/\/parafiakaliska.pl\/index.php\/wp-json\/wp\/v2\/tags?post=7766"}],"curies":[{"name":"wp","href":"https:\/\/api.w.org\/{rel}","templated":true}]}}