{"id":7567,"date":"2026-02-08T21:29:25","date_gmt":"2026-02-08T20:29:25","guid":{"rendered":"https:\/\/parafiakaliska.pl\/?p=7567"},"modified":"2026-02-14T21:34:06","modified_gmt":"2026-02-14T20:34:06","slug":"edykt-biskupa-pelplinskiego-ws-zamiaru-rozpoczecia-procesu-beatyfiukacyjnego-s-m-adelgund-kunigundy-tyminskiej","status":"publish","type":"post","link":"https:\/\/parafiakaliska.pl\/index.php\/2026\/02\/08\/edykt-biskupa-pelplinskiego-ws-zamiaru-rozpoczecia-procesu-beatyfiukacyjnego-s-m-adelgund-kunigundy-tyminskiej\/","title":{"rendered":"EDYKT BISKUPA PELPLI\u0143SKIEGO WS.  ZAMIARU ROZPOCZ\u0118CIA PROCESU BEATYFIKACYJNEGO s. M. ADELGUND KUNIGUNDY TUMI\u0143SKIEJ"},"content":{"rendered":"\n<div data-wp-interactive=\"core\/file\" class=\"wp-block-file\"><object data-wp-bind--hidden=\"!state.hasPdfPreview\" hidden class=\"wp-block-file__embed\" data=\"https:\/\/parafiakaliska.pl\/wp-content\/uploads\/2026\/02\/Zalacznik-nr-3.-edykt.pdf\" type=\"application\/pdf\" style=\"width:100%;height:600px\" aria-label=\"Osadzone z Zalacznik-nr-3.-edykt.\"><\/object><a id=\"wp-block-file--media-0ffbe754-3210-4743-86ba-2d64e959b4d8\" href=\"https:\/\/parafiakaliska.pl\/wp-content\/uploads\/2026\/02\/Zalacznik-nr-3.-edykt.pdf\">Zalacznik-nr-3.-edykt<\/a><a href=\"https:\/\/parafiakaliska.pl\/wp-content\/uploads\/2026\/02\/Zalacznik-nr-3.-edykt.pdf\" class=\"wp-block-file__button wp-element-button\" download aria-describedby=\"wp-block-file--media-0ffbe754-3210-4743-86ba-2d64e959b4d8\">Pobierz<\/a><\/div>\n","protected":false},"excerpt":{"rendered":"","protected":false},"author":3,"featured_media":0,"comment_status":"closed","ping_status":"closed","sticky":false,"template":"","format":"standard","meta":{"_eb_attr":"","site-sidebar-layout":"default","site-content-layout":"default","ast-global-header-display":"","ast-main-header-display":"","ast-hfb-above-header-display":"","ast-hfb-below-header-display":"","ast-hfb-mobile-header-display":"","site-post-title":"","ast-breadcrumbs-content":"","ast-featured-img":"","footer-sml-layout":"","theme-transparent-header-meta":"","adv-header-id-meta":"","stick-header-meta":"","header-above-stick-meta":"","header-main-stick-meta":"","header-below-stick-meta":"","footnotes":""},"categories":[],"tags":[],"class_list":["post-7567","post","type-post","status-publish","format-standard","hentry"],"_links":{"self":[{"href":"https:\/\/parafiakaliska.pl\/index.php\/wp-json\/wp\/v2\/posts\/7567","targetHints":{"allow":["GET"]}}],"collection":[{"href":"https:\/\/parafiakaliska.pl\/index.php\/wp-json\/wp\/v2\/posts"}],"about":[{"href":"https:\/\/parafiakaliska.pl\/index.php\/wp-json\/wp\/v2\/types\/post"}],"author":[{"embeddable":true,"href":"https:\/\/parafiakaliska.pl\/index.php\/wp-json\/wp\/v2\/users\/3"}],"replies":[{"embeddable":true,"href":"https:\/\/parafiakaliska.pl\/index.php\/wp-json\/wp\/v2\/comments?post=7567"}],"version-history":[{"count":3,"href":"https:\/\/parafiakaliska.pl\/index.php\/wp-json\/wp\/v2\/posts\/7567\/revisions"}],"predecessor-version":[{"id":7571,"href":"https:\/\/parafiakaliska.pl\/index.php\/wp-json\/wp\/v2\/posts\/7567\/revisions\/7571"}],"wp:attachment":[{"href":"https:\/\/parafiakaliska.pl\/index.php\/wp-json\/wp\/v2\/media?parent=7567"}],"wp:term":[{"taxonomy":"category","embeddable":true,"href":"https:\/\/parafiakaliska.pl\/index.php\/wp-json\/wp\/v2\/categories?post=7567"},{"taxonomy":"post_tag","embeddable":true,"href":"https:\/\/parafiakaliska.pl\/index.php\/wp-json\/wp\/v2\/tags?post=7567"}],"curies":[{"name":"wp","href":"https:\/\/api.w.org\/{rel}","templated":true}]}}