{"id":7180,"date":"2025-12-20T16:02:55","date_gmt":"2025-12-20T15:02:55","guid":{"rendered":"https:\/\/parafiakaliska.pl\/?p=7180"},"modified":"2025-12-21T21:27:14","modified_gmt":"2025-12-21T20:27:14","slug":"kiermasz-swiateczny","status":"publish","type":"post","link":"https:\/\/parafiakaliska.pl\/index.php\/2025\/12\/20\/kiermasz-swiateczny\/","title":{"rendered":"ZAPROSzenie na kiermasz \u015aWI\u0104TECZNY 21 GRUDNIA 2025 r."},"content":{"rendered":"\n<p>Nasz Parafialny Zesp\u00f3\u0142 Caritas organizuje w niedziel\u0119, 21 grudnia (jutro), przy ko\u015bciele w Kaliskach, stoisko \u015bwi\u0105teczne z domowymi wypiekami, pierogami i ozdobami. Serdecznie zapraszamy w tym dniu Parafian i Go\u015bci ju\u017c od godz. 9.15. Uzyskany doch\u00f3d pragniemy przeznaczy\u0107 na cele statutowe naszego Zespo\u0142u. Do zobaczenia! \ud83d\ude42<\/p>\n\n\n\n<figure class=\"wp-block-image size-full\"><img fetchpriority=\"high\" decoding=\"async\" width=\"612\" height=\"408\" src=\"https:\/\/parafiakaliska.pl\/wp-content\/uploads\/2025\/12\/1000052437.jpg\" alt=\"\" class=\"wp-image-7181\" srcset=\"https:\/\/parafiakaliska.pl\/wp-content\/uploads\/2025\/12\/1000052437.jpg 612w, https:\/\/parafiakaliska.pl\/wp-content\/uploads\/2025\/12\/1000052437-300x200.jpg 300w\" sizes=\"(max-width: 612px) 100vw, 612px\" \/><\/figure>\n\n\n\n<p><\/p>\n","protected":false},"excerpt":{"rendered":"<p>Nasz Parafialny Zesp\u00f3\u0142 Caritas organizuje w niedziel\u0119, 21 grudnia (jutro), przy ko\u015bciele w Kaliskach, stoisko \u015bwi\u0105teczne z domowymi wypiekami, pierogami i ozdobami. Serdecznie zapraszamy w tym dniu Parafian i Go\u015bci ju\u017c od godz. 9.15. Uzyskany doch\u00f3d pragniemy przeznaczy\u0107 na cele statutowe naszego Zespo\u0142u. Do zobaczenia! \ud83d\ude42<\/p>\n","protected":false},"author":3,"featured_media":0,"comment_status":"closed","ping_status":"closed","sticky":false,"template":"","format":"standard","meta":{"_eb_attr":"","site-sidebar-layout":"default","site-content-layout":"default","ast-global-header-display":"","ast-main-header-display":"","ast-hfb-above-header-display":"","ast-hfb-below-header-display":"","ast-hfb-mobile-header-display":"","site-post-title":"","ast-breadcrumbs-content":"","ast-featured-img":"","footer-sml-layout":"","theme-transparent-header-meta":"","adv-header-id-meta":"","stick-header-meta":"","header-above-stick-meta":"","header-main-stick-meta":"","header-below-stick-meta":"","footnotes":""},"categories":[],"tags":[],"class_list":["post-7180","post","type-post","status-publish","format-standard","hentry"],"_links":{"self":[{"href":"https:\/\/parafiakaliska.pl\/index.php\/wp-json\/wp\/v2\/posts\/7180","targetHints":{"allow":["GET"]}}],"collection":[{"href":"https:\/\/parafiakaliska.pl\/index.php\/wp-json\/wp\/v2\/posts"}],"about":[{"href":"https:\/\/parafiakaliska.pl\/index.php\/wp-json\/wp\/v2\/types\/post"}],"author":[{"embeddable":true,"href":"https:\/\/parafiakaliska.pl\/index.php\/wp-json\/wp\/v2\/users\/3"}],"replies":[{"embeddable":true,"href":"https:\/\/parafiakaliska.pl\/index.php\/wp-json\/wp\/v2\/comments?post=7180"}],"version-history":[{"count":4,"href":"https:\/\/parafiakaliska.pl\/index.php\/wp-json\/wp\/v2\/posts\/7180\/revisions"}],"predecessor-version":[{"id":7195,"href":"https:\/\/parafiakaliska.pl\/index.php\/wp-json\/wp\/v2\/posts\/7180\/revisions\/7195"}],"wp:attachment":[{"href":"https:\/\/parafiakaliska.pl\/index.php\/wp-json\/wp\/v2\/media?parent=7180"}],"wp:term":[{"taxonomy":"category","embeddable":true,"href":"https:\/\/parafiakaliska.pl\/index.php\/wp-json\/wp\/v2\/categories?post=7180"},{"taxonomy":"post_tag","embeddable":true,"href":"https:\/\/parafiakaliska.pl\/index.php\/wp-json\/wp\/v2\/tags?post=7180"}],"curies":[{"name":"wp","href":"https:\/\/api.w.org\/{rel}","templated":true}]}}