{"id":7143,"date":"2025-12-06T18:14:52","date_gmt":"2025-12-06T17:14:52","guid":{"rendered":"https:\/\/parafiakaliska.pl\/?p=7143"},"modified":"2025-12-06T18:14:59","modified_gmt":"2025-12-06T17:14:59","slug":"dekanalne-mistrzostwa-sluzby-liturgicznej-w-zblewie","status":"publish","type":"post","link":"https:\/\/parafiakaliska.pl\/index.php\/2025\/12\/06\/dekanalne-mistrzostwa-sluzby-liturgicznej-w-zblewie\/","title":{"rendered":"DEKANALNE MISTRZOSTWA S\u0141U\u017bBY LITURGICZNEJ W ZBLEWIE"},"content":{"rendered":"\n<p>Nasi ministranci\u00a0wzi\u0119li udzia\u0142 w dekanalnym etapie Mistrzostw S\u0142u\u017cby Liturgicznej Diecezji Pelpli\u0144skiej w pi\u0142ce halowej, kt\u00f3re odby\u0142y si\u0119 29 listopada 2025 r. w\u00a0Zblewie. Gratulujemy im zaanga\u017cowania i dzi\u0119kujemy za godne reprezentowanie naszej parafii.<\/p>\n\n\n\n<figure class=\"wp-block-gallery has-nested-images columns-default is-cropped wp-block-gallery-1 is-layout-flex wp-block-gallery-is-layout-flex\">\n<figure class=\"wp-block-image size-large\"><img fetchpriority=\"high\" decoding=\"async\" width=\"684\" height=\"1024\" data-id=\"7144\" src=\"https:\/\/parafiakaliska.pl\/wp-content\/uploads\/2025\/12\/Zdjecie-WhatsApp-2025-12-06-o-18.11.13_b28ac7a9-684x1024.jpg\" alt=\"\" class=\"wp-image-7144\" srcset=\"https:\/\/parafiakaliska.pl\/wp-content\/uploads\/2025\/12\/Zdjecie-WhatsApp-2025-12-06-o-18.11.13_b28ac7a9-684x1024.jpg 684w, https:\/\/parafiakaliska.pl\/wp-content\/uploads\/2025\/12\/Zdjecie-WhatsApp-2025-12-06-o-18.11.13_b28ac7a9-200x300.jpg 200w, https:\/\/parafiakaliska.pl\/wp-content\/uploads\/2025\/12\/Zdjecie-WhatsApp-2025-12-06-o-18.11.13_b28ac7a9-768x1150.jpg 768w, https:\/\/parafiakaliska.pl\/wp-content\/uploads\/2025\/12\/Zdjecie-WhatsApp-2025-12-06-o-18.11.13_b28ac7a9.jpg 898w\" sizes=\"(max-width: 684px) 100vw, 684px\" \/><\/figure>\n<\/figure>\n\n\n\n<figure class=\"wp-block-gallery has-nested-images columns-default is-cropped wp-block-gallery-2 is-layout-flex wp-block-gallery-is-layout-flex\">\n<figure class=\"wp-block-image size-large\"><img decoding=\"async\" width=\"1024\" height=\"683\" data-id=\"7145\" src=\"https:\/\/parafiakaliska.pl\/wp-content\/uploads\/2025\/12\/Zdjecie-WhatsApp-2025-12-06-o-18.11.11_e518097c-1024x683.jpg\" alt=\"\" class=\"wp-image-7145\" srcset=\"https:\/\/parafiakaliska.pl\/wp-content\/uploads\/2025\/12\/Zdjecie-WhatsApp-2025-12-06-o-18.11.11_e518097c-1024x683.jpg 1024w, https:\/\/parafiakaliska.pl\/wp-content\/uploads\/2025\/12\/Zdjecie-WhatsApp-2025-12-06-o-18.11.11_e518097c-300x200.jpg 300w, https:\/\/parafiakaliska.pl\/wp-content\/uploads\/2025\/12\/Zdjecie-WhatsApp-2025-12-06-o-18.11.11_e518097c-768x513.jpg 768w, https:\/\/parafiakaliska.pl\/wp-content\/uploads\/2025\/12\/Zdjecie-WhatsApp-2025-12-06-o-18.11.11_e518097c.jpg 1461w\" sizes=\"(max-width: 1024px) 100vw, 1024px\" \/><\/figure>\n<\/figure>\n\n\n\n<figure class=\"wp-block-gallery has-nested-images columns-default is-cropped wp-block-gallery-3 is-layout-flex wp-block-gallery-is-layout-flex\">\n<figure class=\"wp-block-image size-large\"><img decoding=\"async\" width=\"1024\" height=\"684\" data-id=\"7146\" src=\"https:\/\/parafiakaliska.pl\/wp-content\/uploads\/2025\/12\/Zdjecie-WhatsApp-2025-12-06-o-18.11.14_02a37279-1024x684.jpg\" alt=\"\" class=\"wp-image-7146\" srcset=\"https:\/\/parafiakaliska.pl\/wp-content\/uploads\/2025\/12\/Zdjecie-WhatsApp-2025-12-06-o-18.11.14_02a37279-1024x684.jpg 1024w, https:\/\/parafiakaliska.pl\/wp-content\/uploads\/2025\/12\/Zdjecie-WhatsApp-2025-12-06-o-18.11.14_02a37279-300x200.jpg 300w, https:\/\/parafiakaliska.pl\/wp-content\/uploads\/2025\/12\/Zdjecie-WhatsApp-2025-12-06-o-18.11.14_02a37279-768x513.jpg 768w, https:\/\/parafiakaliska.pl\/wp-content\/uploads\/2025\/12\/Zdjecie-WhatsApp-2025-12-06-o-18.11.14_02a37279.jpg 1338w\" sizes=\"(max-width: 1024px) 100vw, 1024px\" \/><\/figure>\n<\/figure>\n\n\n\n<figure class=\"wp-block-gallery has-nested-images columns-default is-cropped wp-block-gallery-4 is-layout-flex wp-block-gallery-is-layout-flex\">\n<figure class=\"wp-block-image size-large\"><img loading=\"lazy\" decoding=\"async\" width=\"1024\" height=\"684\" data-id=\"7147\" src=\"https:\/\/parafiakaliska.pl\/wp-content\/uploads\/2025\/12\/Zdjecie-WhatsApp-2025-12-06-o-18.11.14_e0e0f363-1024x684.jpg\" alt=\"\" class=\"wp-image-7147\" srcset=\"https:\/\/parafiakaliska.pl\/wp-content\/uploads\/2025\/12\/Zdjecie-WhatsApp-2025-12-06-o-18.11.14_e0e0f363-1024x684.jpg 1024w, https:\/\/parafiakaliska.pl\/wp-content\/uploads\/2025\/12\/Zdjecie-WhatsApp-2025-12-06-o-18.11.14_e0e0f363-300x200.jpg 300w, https:\/\/parafiakaliska.pl\/wp-content\/uploads\/2025\/12\/Zdjecie-WhatsApp-2025-12-06-o-18.11.14_e0e0f363-768x513.jpg 768w, https:\/\/parafiakaliska.pl\/wp-content\/uploads\/2025\/12\/Zdjecie-WhatsApp-2025-12-06-o-18.11.14_e0e0f363-1536x1025.jpg 1536w, https:\/\/parafiakaliska.pl\/wp-content\/uploads\/2025\/12\/Zdjecie-WhatsApp-2025-12-06-o-18.11.14_e0e0f363.jpg 1600w\" sizes=\"(max-width: 1024px) 100vw, 1024px\" \/><\/figure>\n<\/figure>\n\n\n\n<figure class=\"wp-block-gallery has-nested-images columns-default is-cropped wp-block-gallery-5 is-layout-flex wp-block-gallery-is-layout-flex\">\n<figure class=\"wp-block-image size-large\"><img loading=\"lazy\" decoding=\"async\" width=\"1024\" height=\"684\" data-id=\"7148\" src=\"https:\/\/parafiakaliska.pl\/wp-content\/uploads\/2025\/12\/Zdjecie-WhatsApp-2025-12-06-o-18.11.14_eea4f3fe-1024x684.jpg\" alt=\"\" class=\"wp-image-7148\" srcset=\"https:\/\/parafiakaliska.pl\/wp-content\/uploads\/2025\/12\/Zdjecie-WhatsApp-2025-12-06-o-18.11.14_eea4f3fe-1024x684.jpg 1024w, https:\/\/parafiakaliska.pl\/wp-content\/uploads\/2025\/12\/Zdjecie-WhatsApp-2025-12-06-o-18.11.14_eea4f3fe-300x200.jpg 300w, https:\/\/parafiakaliska.pl\/wp-content\/uploads\/2025\/12\/Zdjecie-WhatsApp-2025-12-06-o-18.11.14_eea4f3fe-768x513.jpg 768w, https:\/\/parafiakaliska.pl\/wp-content\/uploads\/2025\/12\/Zdjecie-WhatsApp-2025-12-06-o-18.11.14_eea4f3fe.jpg 1447w\" sizes=\"(max-width: 1024px) 100vw, 1024px\" \/><\/figure>\n<\/figure>\n\n\n\n<figure class=\"wp-block-gallery has-nested-images columns-default is-cropped wp-block-gallery-6 is-layout-flex wp-block-gallery-is-layout-flex\">\n<figure class=\"wp-block-image size-large\"><img loading=\"lazy\" decoding=\"async\" width=\"1024\" height=\"684\" data-id=\"7149\" src=\"https:\/\/parafiakaliska.pl\/wp-content\/uploads\/2025\/12\/Zdjecie-WhatsApp-2025-12-06-o-18.11.11_22dfc363-1024x684.jpg\" alt=\"\" class=\"wp-image-7149\" srcset=\"https:\/\/parafiakaliska.pl\/wp-content\/uploads\/2025\/12\/Zdjecie-WhatsApp-2025-12-06-o-18.11.11_22dfc363-1024x684.jpg 1024w, https:\/\/parafiakaliska.pl\/wp-content\/uploads\/2025\/12\/Zdjecie-WhatsApp-2025-12-06-o-18.11.11_22dfc363-300x200.jpg 300w, https:\/\/parafiakaliska.pl\/wp-content\/uploads\/2025\/12\/Zdjecie-WhatsApp-2025-12-06-o-18.11.11_22dfc363-768x513.jpg 768w, https:\/\/parafiakaliska.pl\/wp-content\/uploads\/2025\/12\/Zdjecie-WhatsApp-2025-12-06-o-18.11.11_22dfc363.jpg 1346w\" sizes=\"(max-width: 1024px) 100vw, 1024px\" \/><\/figure>\n<\/figure>\n\n\n\n<figure class=\"wp-block-gallery has-nested-images columns-default is-cropped wp-block-gallery-7 is-layout-flex wp-block-gallery-is-layout-flex\">\n<figure class=\"wp-block-image size-large\"><img loading=\"lazy\" decoding=\"async\" width=\"1024\" height=\"684\" data-id=\"7150\" src=\"https:\/\/parafiakaliska.pl\/wp-content\/uploads\/2025\/12\/Zdjecie-WhatsApp-2025-12-06-o-18.11.13_09846ee6-1024x684.jpg\" alt=\"\" class=\"wp-image-7150\" srcset=\"https:\/\/parafiakaliska.pl\/wp-content\/uploads\/2025\/12\/Zdjecie-WhatsApp-2025-12-06-o-18.11.13_09846ee6-1024x684.jpg 1024w, https:\/\/parafiakaliska.pl\/wp-content\/uploads\/2025\/12\/Zdjecie-WhatsApp-2025-12-06-o-18.11.13_09846ee6-300x200.jpg 300w, https:\/\/parafiakaliska.pl\/wp-content\/uploads\/2025\/12\/Zdjecie-WhatsApp-2025-12-06-o-18.11.13_09846ee6-768x513.jpg 768w, https:\/\/parafiakaliska.pl\/wp-content\/uploads\/2025\/12\/Zdjecie-WhatsApp-2025-12-06-o-18.11.13_09846ee6-1536x1025.jpg 1536w, https:\/\/parafiakaliska.pl\/wp-content\/uploads\/2025\/12\/Zdjecie-WhatsApp-2025-12-06-o-18.11.13_09846ee6.jpg 1600w\" sizes=\"(max-width: 1024px) 100vw, 1024px\" \/><\/figure>\n<\/figure>\n\n\n\n<figure class=\"wp-block-gallery has-nested-images columns-default is-cropped wp-block-gallery-8 is-layout-flex wp-block-gallery-is-layout-flex\">\n<figure class=\"wp-block-image size-large\"><img loading=\"lazy\" decoding=\"async\" width=\"1024\" height=\"684\" data-id=\"7151\" src=\"https:\/\/parafiakaliska.pl\/wp-content\/uploads\/2025\/12\/Zdjecie-WhatsApp-2025-12-06-o-18.11.12_485c5b3c-1024x684.jpg\" alt=\"\" class=\"wp-image-7151\" srcset=\"https:\/\/parafiakaliska.pl\/wp-content\/uploads\/2025\/12\/Zdjecie-WhatsApp-2025-12-06-o-18.11.12_485c5b3c-1024x684.jpg 1024w, https:\/\/parafiakaliska.pl\/wp-content\/uploads\/2025\/12\/Zdjecie-WhatsApp-2025-12-06-o-18.11.12_485c5b3c-300x200.jpg 300w, https:\/\/parafiakaliska.pl\/wp-content\/uploads\/2025\/12\/Zdjecie-WhatsApp-2025-12-06-o-18.11.12_485c5b3c-768x513.jpg 768w, https:\/\/parafiakaliska.pl\/wp-content\/uploads\/2025\/12\/Zdjecie-WhatsApp-2025-12-06-o-18.11.12_485c5b3c.jpg 1310w\" sizes=\"(max-width: 1024px) 100vw, 1024px\" \/><\/figure>\n<\/figure>\n\n\n\n<p><\/p>\n","protected":false},"excerpt":{"rendered":"<p>Nasi ministranci\u00a0wzi\u0119li udzia\u0142 w dekanalnym etapie Mistrzostw S\u0142u\u017cby Liturgicznej Diecezji Pelpli\u0144skiej w pi\u0142ce halowej, kt\u00f3re odby\u0142y si\u0119 29 listopada 2025 r. w\u00a0Zblewie. Gratulujemy im zaanga\u017cowania i dzi\u0119kujemy za godne reprezentowanie naszej parafii.<\/p>\n","protected":false},"author":3,"featured_media":0,"comment_status":"closed","ping_status":"closed","sticky":false,"template":"","format":"standard","meta":{"_eb_attr":"","site-sidebar-layout":"default","site-content-layout":"default","ast-global-header-display":"","ast-main-header-display":"","ast-hfb-above-header-display":"","ast-hfb-below-header-display":"","ast-hfb-mobile-header-display":"","site-post-title":"","ast-breadcrumbs-content":"","ast-featured-img":"","footer-sml-layout":"","theme-transparent-header-meta":"","adv-header-id-meta":"","stick-header-meta":"","header-above-stick-meta":"","header-main-stick-meta":"","header-below-stick-meta":"","footnotes":""},"categories":[],"tags":[],"class_list":["post-7143","post","type-post","status-publish","format-standard","hentry"],"_links":{"self":[{"href":"https:\/\/parafiakaliska.pl\/index.php\/wp-json\/wp\/v2\/posts\/7143","targetHints":{"allow":["GET"]}}],"collection":[{"href":"https:\/\/parafiakaliska.pl\/index.php\/wp-json\/wp\/v2\/posts"}],"about":[{"href":"https:\/\/parafiakaliska.pl\/index.php\/wp-json\/wp\/v2\/types\/post"}],"author":[{"embeddable":true,"href":"https:\/\/parafiakaliska.pl\/index.php\/wp-json\/wp\/v2\/users\/3"}],"replies":[{"embeddable":true,"href":"https:\/\/parafiakaliska.pl\/index.php\/wp-json\/wp\/v2\/comments?post=7143"}],"version-history":[{"count":1,"href":"https:\/\/parafiakaliska.pl\/index.php\/wp-json\/wp\/v2\/posts\/7143\/revisions"}],"predecessor-version":[{"id":7152,"href":"https:\/\/parafiakaliska.pl\/index.php\/wp-json\/wp\/v2\/posts\/7143\/revisions\/7152"}],"wp:attachment":[{"href":"https:\/\/parafiakaliska.pl\/index.php\/wp-json\/wp\/v2\/media?parent=7143"}],"wp:term":[{"taxonomy":"category","embeddable":true,"href":"https:\/\/parafiakaliska.pl\/index.php\/wp-json\/wp\/v2\/categories?post=7143"},{"taxonomy":"post_tag","embeddable":true,"href":"https:\/\/parafiakaliska.pl\/index.php\/wp-json\/wp\/v2\/tags?post=7143"}],"curies":[{"name":"wp","href":"https:\/\/api.w.org\/{rel}","templated":true}]}}