{"id":7116,"date":"2025-11-29T14:27:30","date_gmt":"2025-11-29T13:27:30","guid":{"rendered":"https:\/\/parafiakaliska.pl\/?p=7116"},"modified":"2025-11-29T14:27:33","modified_gmt":"2025-11-29T13:27:33","slug":"adoracja-w-intencji-powolan","status":"publish","type":"post","link":"https:\/\/parafiakaliska.pl\/index.php\/2025\/11\/29\/adoracja-w-intencji-powolan\/","title":{"rendered":"ADORACJA W INTENCJI POWO\u0141A\u0143"},"content":{"rendered":"\n<p>22 listopada w naszej parafii odby\u0142a si\u0119 uroczysta adoracja Naj\u015bwi\u0119tszego Sakramentu w intencji powo\u0142a\u0144. W\u0142\u0105czaj\u0105c si\u0119 w diecezjalne wezwanie Chrystusa: \u201e\u017bniwo wprawdzie wielkie, ale robotnik\u00f3w ma\u0142o; pro\u015bcie wi\u0119c Pana \u017cniwa, \u017ceby wyprawi\u0142 robotnik\u00f3w na swoje \u017cniwo\u201d (\u0141k 10,2), trwali\u015bmy na modlitwie prosz\u0105c o nowe i \u015bwi\u0119te powo\u0142ania kap\u0142a\u0144skie, zakonne i misyjne.<\/p>\n\n\n\n<p>Adoracja nie odbywa\u0142a si\u0119 w ciszy \u2014 towarzyszy\u0142y jej rozwa\u017cania fragment\u00f3w Pisma \u015awi\u0119tego oraz wsp\u00f3lny \u015bpiew, przez kt\u00f3ry z wiar\u0105 i wdzi\u0119czno\u015bci\u0105 uwielbiali\u015bmy Jezusa. W ten spos\u00f3b nasza parafia w\u0142\u0105czy\u0142a si\u0119 r\u00f3wnie\u017c w diecezjaln\u0105 inicjatyw\u0119 modlitwy i postu w intencji powo\u0142a\u0144.<\/p>\n\n\n\n<figure class=\"wp-block-image size-large\"><img fetchpriority=\"high\" decoding=\"async\" width=\"1024\" height=\"684\" src=\"https:\/\/parafiakaliska.pl\/wp-content\/uploads\/2025\/11\/Zdjecie-WhatsApp-2025-11-25-o-10.10.08_4d71aea4-1024x684.jpg\" alt=\"\" class=\"wp-image-7122\" srcset=\"https:\/\/parafiakaliska.pl\/wp-content\/uploads\/2025\/11\/Zdjecie-WhatsApp-2025-11-25-o-10.10.08_4d71aea4-1024x684.jpg 1024w, https:\/\/parafiakaliska.pl\/wp-content\/uploads\/2025\/11\/Zdjecie-WhatsApp-2025-11-25-o-10.10.08_4d71aea4-300x200.jpg 300w, https:\/\/parafiakaliska.pl\/wp-content\/uploads\/2025\/11\/Zdjecie-WhatsApp-2025-11-25-o-10.10.08_4d71aea4-768x513.jpg 768w, https:\/\/parafiakaliska.pl\/wp-content\/uploads\/2025\/11\/Zdjecie-WhatsApp-2025-11-25-o-10.10.08_4d71aea4-1536x1025.jpg 1536w, https:\/\/parafiakaliska.pl\/wp-content\/uploads\/2025\/11\/Zdjecie-WhatsApp-2025-11-25-o-10.10.08_4d71aea4.jpg 2048w\" sizes=\"(max-width: 1024px) 100vw, 1024px\" \/><\/figure>\n\n\n\n<figure class=\"wp-block-gallery has-nested-images columns-default is-cropped wp-block-gallery-1 is-layout-flex wp-block-gallery-is-layout-flex\">\n<figure class=\"wp-block-image size-large\"><img decoding=\"async\" width=\"1024\" height=\"683\" data-id=\"7119\" src=\"https:\/\/parafiakaliska.pl\/wp-content\/uploads\/2025\/11\/Zdjecie-WhatsApp-2025-11-25-o-10.10.03_f0091651-1024x683.jpg\" alt=\"\" class=\"wp-image-7119\" srcset=\"https:\/\/parafiakaliska.pl\/wp-content\/uploads\/2025\/11\/Zdjecie-WhatsApp-2025-11-25-o-10.10.03_f0091651-1024x683.jpg 1024w, https:\/\/parafiakaliska.pl\/wp-content\/uploads\/2025\/11\/Zdjecie-WhatsApp-2025-11-25-o-10.10.03_f0091651-300x200.jpg 300w, https:\/\/parafiakaliska.pl\/wp-content\/uploads\/2025\/11\/Zdjecie-WhatsApp-2025-11-25-o-10.10.03_f0091651-768x512.jpg 768w, https:\/\/parafiakaliska.pl\/wp-content\/uploads\/2025\/11\/Zdjecie-WhatsApp-2025-11-25-o-10.10.03_f0091651-1536x1024.jpg 1536w, https:\/\/parafiakaliska.pl\/wp-content\/uploads\/2025\/11\/Zdjecie-WhatsApp-2025-11-25-o-10.10.03_f0091651.jpg 2048w\" sizes=\"(max-width: 1024px) 100vw, 1024px\" \/><\/figure>\n<\/figure>\n\n\n\n<figure class=\"wp-block-gallery has-nested-images columns-default is-cropped wp-block-gallery-2 is-layout-flex wp-block-gallery-is-layout-flex\">\n<figure class=\"wp-block-image size-large\"><img decoding=\"async\" width=\"1024\" height=\"684\" data-id=\"7118\" src=\"https:\/\/parafiakaliska.pl\/wp-content\/uploads\/2025\/11\/Zdjecie-WhatsApp-2025-11-25-o-10.10.04_be6d5627-1024x684.jpg\" alt=\"\" class=\"wp-image-7118\" srcset=\"https:\/\/parafiakaliska.pl\/wp-content\/uploads\/2025\/11\/Zdjecie-WhatsApp-2025-11-25-o-10.10.04_be6d5627-1024x684.jpg 1024w, https:\/\/parafiakaliska.pl\/wp-content\/uploads\/2025\/11\/Zdjecie-WhatsApp-2025-11-25-o-10.10.04_be6d5627-300x200.jpg 300w, https:\/\/parafiakaliska.pl\/wp-content\/uploads\/2025\/11\/Zdjecie-WhatsApp-2025-11-25-o-10.10.04_be6d5627-768x513.jpg 768w, https:\/\/parafiakaliska.pl\/wp-content\/uploads\/2025\/11\/Zdjecie-WhatsApp-2025-11-25-o-10.10.04_be6d5627-1536x1025.jpg 1536w, https:\/\/parafiakaliska.pl\/wp-content\/uploads\/2025\/11\/Zdjecie-WhatsApp-2025-11-25-o-10.10.04_be6d5627.jpg 2048w\" sizes=\"(max-width: 1024px) 100vw, 1024px\" \/><\/figure>\n<\/figure>\n\n\n\n<figure class=\"wp-block-gallery has-nested-images columns-default is-cropped wp-block-gallery-3 is-layout-flex wp-block-gallery-is-layout-flex\">\n<figure class=\"wp-block-image size-large\"><img loading=\"lazy\" decoding=\"async\" width=\"1024\" height=\"683\" data-id=\"7120\" src=\"https:\/\/parafiakaliska.pl\/wp-content\/uploads\/2025\/11\/Zdjecie-WhatsApp-2025-11-25-o-10.09.59_f8f615a3-1024x683.jpg\" alt=\"\" class=\"wp-image-7120\" srcset=\"https:\/\/parafiakaliska.pl\/wp-content\/uploads\/2025\/11\/Zdjecie-WhatsApp-2025-11-25-o-10.09.59_f8f615a3-1024x683.jpg 1024w, https:\/\/parafiakaliska.pl\/wp-content\/uploads\/2025\/11\/Zdjecie-WhatsApp-2025-11-25-o-10.09.59_f8f615a3-300x200.jpg 300w, https:\/\/parafiakaliska.pl\/wp-content\/uploads\/2025\/11\/Zdjecie-WhatsApp-2025-11-25-o-10.09.59_f8f615a3-768x512.jpg 768w, https:\/\/parafiakaliska.pl\/wp-content\/uploads\/2025\/11\/Zdjecie-WhatsApp-2025-11-25-o-10.09.59_f8f615a3-1536x1025.jpg 1536w, https:\/\/parafiakaliska.pl\/wp-content\/uploads\/2025\/11\/Zdjecie-WhatsApp-2025-11-25-o-10.09.59_f8f615a3.jpg 2048w\" sizes=\"(max-width: 1024px) 100vw, 1024px\" \/><\/figure>\n<\/figure>\n\n\n\n<figure class=\"wp-block-gallery has-nested-images columns-default is-cropped wp-block-gallery-4 is-layout-flex wp-block-gallery-is-layout-flex\">\n<figure class=\"wp-block-image size-large\"><img loading=\"lazy\" decoding=\"async\" width=\"1024\" height=\"683\" data-id=\"7123\" src=\"https:\/\/parafiakaliska.pl\/wp-content\/uploads\/2025\/11\/Zdjecie-WhatsApp-2025-11-25-o-10.10.09_baf940cd-1024x683.jpg\" alt=\"\" class=\"wp-image-7123\" srcset=\"https:\/\/parafiakaliska.pl\/wp-content\/uploads\/2025\/11\/Zdjecie-WhatsApp-2025-11-25-o-10.10.09_baf940cd-1024x683.jpg 1024w, https:\/\/parafiakaliska.pl\/wp-content\/uploads\/2025\/11\/Zdjecie-WhatsApp-2025-11-25-o-10.10.09_baf940cd-300x200.jpg 300w, https:\/\/parafiakaliska.pl\/wp-content\/uploads\/2025\/11\/Zdjecie-WhatsApp-2025-11-25-o-10.10.09_baf940cd-768x512.jpg 768w, https:\/\/parafiakaliska.pl\/wp-content\/uploads\/2025\/11\/Zdjecie-WhatsApp-2025-11-25-o-10.10.09_baf940cd-1536x1025.jpg 1536w, https:\/\/parafiakaliska.pl\/wp-content\/uploads\/2025\/11\/Zdjecie-WhatsApp-2025-11-25-o-10.10.09_baf940cd.jpg 2048w\" sizes=\"(max-width: 1024px) 100vw, 1024px\" \/><\/figure>\n\n\n\n<figure class=\"wp-block-image size-large\"><img loading=\"lazy\" decoding=\"async\" width=\"1024\" height=\"683\" data-id=\"7124\" src=\"https:\/\/parafiakaliska.pl\/wp-content\/uploads\/2025\/11\/Zdjecie-WhatsApp-2025-11-25-o-10.10.10_b572c292-1024x683.jpg\" alt=\"\" class=\"wp-image-7124\" srcset=\"https:\/\/parafiakaliska.pl\/wp-content\/uploads\/2025\/11\/Zdjecie-WhatsApp-2025-11-25-o-10.10.10_b572c292-1024x683.jpg 1024w, https:\/\/parafiakaliska.pl\/wp-content\/uploads\/2025\/11\/Zdjecie-WhatsApp-2025-11-25-o-10.10.10_b572c292-300x200.jpg 300w, https:\/\/parafiakaliska.pl\/wp-content\/uploads\/2025\/11\/Zdjecie-WhatsApp-2025-11-25-o-10.10.10_b572c292-768x512.jpg 768w, https:\/\/parafiakaliska.pl\/wp-content\/uploads\/2025\/11\/Zdjecie-WhatsApp-2025-11-25-o-10.10.10_b572c292-1536x1025.jpg 1536w, https:\/\/parafiakaliska.pl\/wp-content\/uploads\/2025\/11\/Zdjecie-WhatsApp-2025-11-25-o-10.10.10_b572c292.jpg 2048w\" sizes=\"(max-width: 1024px) 100vw, 1024px\" \/><\/figure>\n\n\n\n<figure class=\"wp-block-image size-large\"><img loading=\"lazy\" decoding=\"async\" width=\"684\" height=\"1024\" data-id=\"7121\" src=\"https:\/\/parafiakaliska.pl\/wp-content\/uploads\/2025\/11\/Zdjecie-WhatsApp-2025-11-25-o-10.10.11_149d0a99-684x1024.jpg\" alt=\"\" class=\"wp-image-7121\" srcset=\"https:\/\/parafiakaliska.pl\/wp-content\/uploads\/2025\/11\/Zdjecie-WhatsApp-2025-11-25-o-10.10.11_149d0a99-684x1024.jpg 684w, https:\/\/parafiakaliska.pl\/wp-content\/uploads\/2025\/11\/Zdjecie-WhatsApp-2025-11-25-o-10.10.11_149d0a99-200x300.jpg 200w, https:\/\/parafiakaliska.pl\/wp-content\/uploads\/2025\/11\/Zdjecie-WhatsApp-2025-11-25-o-10.10.11_149d0a99-768x1151.jpg 768w, https:\/\/parafiakaliska.pl\/wp-content\/uploads\/2025\/11\/Zdjecie-WhatsApp-2025-11-25-o-10.10.11_149d0a99-1025x1536.jpg 1025w, https:\/\/parafiakaliska.pl\/wp-content\/uploads\/2025\/11\/Zdjecie-WhatsApp-2025-11-25-o-10.10.11_149d0a99.jpg 1367w\" sizes=\"(max-width: 684px) 100vw, 684px\" \/><\/figure>\n\n\n\n<figure class=\"wp-block-image size-large\"><img loading=\"lazy\" decoding=\"async\" width=\"1024\" height=\"684\" data-id=\"7125\" src=\"https:\/\/parafiakaliska.pl\/wp-content\/uploads\/2025\/11\/Zdjecie-WhatsApp-2025-11-25-o-10.10.12_5e41a9c4-1024x684.jpg\" alt=\"\" class=\"wp-image-7125\" srcset=\"https:\/\/parafiakaliska.pl\/wp-content\/uploads\/2025\/11\/Zdjecie-WhatsApp-2025-11-25-o-10.10.12_5e41a9c4-1024x684.jpg 1024w, https:\/\/parafiakaliska.pl\/wp-content\/uploads\/2025\/11\/Zdjecie-WhatsApp-2025-11-25-o-10.10.12_5e41a9c4-300x200.jpg 300w, https:\/\/parafiakaliska.pl\/wp-content\/uploads\/2025\/11\/Zdjecie-WhatsApp-2025-11-25-o-10.10.12_5e41a9c4-768x513.jpg 768w, https:\/\/parafiakaliska.pl\/wp-content\/uploads\/2025\/11\/Zdjecie-WhatsApp-2025-11-25-o-10.10.12_5e41a9c4-1536x1025.jpg 1536w, https:\/\/parafiakaliska.pl\/wp-content\/uploads\/2025\/11\/Zdjecie-WhatsApp-2025-11-25-o-10.10.12_5e41a9c4.jpg 2048w\" sizes=\"(max-width: 1024px) 100vw, 1024px\" \/><\/figure>\n<\/figure>\n\n\n\n<p><\/p>\n","protected":false},"excerpt":{"rendered":"<p>22 listopada w naszej parafii odby\u0142a si\u0119 uroczysta adoracja Naj\u015bwi\u0119tszego Sakramentu w intencji powo\u0142a\u0144. W\u0142\u0105czaj\u0105c si\u0119 w diecezjalne wezwanie Chrystusa: \u201e\u017bniwo wprawdzie wielkie, ale robotnik\u00f3w ma\u0142o; pro\u015bcie wi\u0119c Pana \u017cniwa, \u017ceby wyprawi\u0142 robotnik\u00f3w na swoje \u017cniwo\u201d (\u0141k 10,2), trwali\u015bmy na modlitwie prosz\u0105c o nowe i \u015bwi\u0119te powo\u0142ania kap\u0142a\u0144skie, zakonne i misyjne. Adoracja nie odbywa\u0142a si\u0119 &hellip;<\/p>\n<p class=\"read-more\"> <a class=\"\" href=\"https:\/\/parafiakaliska.pl\/index.php\/2025\/11\/29\/adoracja-w-intencji-powolan\/\"> <span class=\"screen-reader-text\">ADORACJA W INTENCJI POWO\u0141A\u0143<\/span> Read More &raquo;<\/a><\/p>\n","protected":false},"author":3,"featured_media":0,"comment_status":"closed","ping_status":"closed","sticky":false,"template":"","format":"standard","meta":{"_eb_attr":"","site-sidebar-layout":"default","site-content-layout":"default","ast-global-header-display":"","ast-main-header-display":"","ast-hfb-above-header-display":"","ast-hfb-below-header-display":"","ast-hfb-mobile-header-display":"","site-post-title":"","ast-breadcrumbs-content":"","ast-featured-img":"","footer-sml-layout":"","theme-transparent-header-meta":"","adv-header-id-meta":"","stick-header-meta":"","header-above-stick-meta":"","header-main-stick-meta":"","header-below-stick-meta":"","footnotes":""},"categories":[],"tags":[],"class_list":["post-7116","post","type-post","status-publish","format-standard","hentry"],"_links":{"self":[{"href":"https:\/\/parafiakaliska.pl\/index.php\/wp-json\/wp\/v2\/posts\/7116","targetHints":{"allow":["GET"]}}],"collection":[{"href":"https:\/\/parafiakaliska.pl\/index.php\/wp-json\/wp\/v2\/posts"}],"about":[{"href":"https:\/\/parafiakaliska.pl\/index.php\/wp-json\/wp\/v2\/types\/post"}],"author":[{"embeddable":true,"href":"https:\/\/parafiakaliska.pl\/index.php\/wp-json\/wp\/v2\/users\/3"}],"replies":[{"embeddable":true,"href":"https:\/\/parafiakaliska.pl\/index.php\/wp-json\/wp\/v2\/comments?post=7116"}],"version-history":[{"count":1,"href":"https:\/\/parafiakaliska.pl\/index.php\/wp-json\/wp\/v2\/posts\/7116\/revisions"}],"predecessor-version":[{"id":7126,"href":"https:\/\/parafiakaliska.pl\/index.php\/wp-json\/wp\/v2\/posts\/7116\/revisions\/7126"}],"wp:attachment":[{"href":"https:\/\/parafiakaliska.pl\/index.php\/wp-json\/wp\/v2\/media?parent=7116"}],"wp:term":[{"taxonomy":"category","embeddable":true,"href":"https:\/\/parafiakaliska.pl\/index.php\/wp-json\/wp\/v2\/categories?post=7116"},{"taxonomy":"post_tag","embeddable":true,"href":"https:\/\/parafiakaliska.pl\/index.php\/wp-json\/wp\/v2\/tags?post=7116"}],"curies":[{"name":"wp","href":"https:\/\/api.w.org\/{rel}","templated":true}]}}