{"id":6965,"date":"2025-10-20T21:47:46","date_gmt":"2025-10-20T19:47:46","guid":{"rendered":"https:\/\/parafiakaliska.pl\/?p=6965"},"modified":"2025-10-20T21:49:03","modified_gmt":"2025-10-20T19:49:03","slug":"zaproszenie-na-bal-wszystkich-swietych","status":"publish","type":"post","link":"https:\/\/parafiakaliska.pl\/index.php\/2025\/10\/20\/zaproszenie-na-bal-wszystkich-swietych\/","title":{"rendered":"ZAPROSZENIE NA BAL WSZYSTKICH \u015aWI\u0118TYCH"},"content":{"rendered":"\n<p class=\"has-text-align-left\">Nasza Parafia razem z Parafialnym Zespo\u0142em Caritas zaprasza dzieci wraz z rodzicami <br>oraz wszystkie rodziny naszej parafii na <\/p>\n\n\n\n<p class=\"has-text-align-center\"><strong>Bal Wszystkich \u015awi\u0119tych<\/strong>, <strong>kt\u00f3ry odb\u0119dzie si\u0119 31 pa\u017adziernika w pi\u0105tek <\/strong><\/p>\n\n\n\n<p class=\"has-text-align-center\"><strong>od godz. 17.00 do 20.00.<\/strong><\/p>\n\n\n\n<p class=\"has-text-align-left\"><br>Rozpoczniemy Msz\u0105 \u015bwi\u0119t\u0105 o godz. 17.00 w naszym ko\u015bciele parafialnym, a nast\u0119pnie przejdziemy w orszaku do Domu Stra\u017caka w Kaliskach. Pragniemy, aby by\u0142 to czas wsp\u00f3lnej zabawy, integracji i budowania ducha wsp\u00f3lnoty na pi\u0119knych chrze\u015bcija\u0144skich warto\u015bciach. Zach\u0119camy dzieci do przebrania si\u0119 za postacie \u015bwi\u0119tych i b\u0142ogos\u0142awionych. Na balu czekaj\u0105 na Was zabawy, a tak\u017ce pocz\u0119stunek. <\/p>\n\n\n\n<p class=\"has-text-align-left\">Do zobaczenia!<\/p>\n\n\n\n<figure class=\"wp-block-gallery has-nested-images columns-default is-cropped wp-block-gallery-1 is-layout-flex wp-block-gallery-is-layout-flex\">\n<figure class=\"wp-block-image size-large\"><img fetchpriority=\"high\" decoding=\"async\" width=\"724\" height=\"1024\" data-id=\"6966\" src=\"https:\/\/parafiakaliska.pl\/wp-content\/uploads\/2025\/10\/Zdjecie-WhatsApp-2025-10-16-o-23.04.15_68a10425-724x1024.jpg\" alt=\"\" class=\"wp-image-6966\" srcset=\"https:\/\/parafiakaliska.pl\/wp-content\/uploads\/2025\/10\/Zdjecie-WhatsApp-2025-10-16-o-23.04.15_68a10425-724x1024.jpg 724w, https:\/\/parafiakaliska.pl\/wp-content\/uploads\/2025\/10\/Zdjecie-WhatsApp-2025-10-16-o-23.04.15_68a10425-212x300.jpg 212w, https:\/\/parafiakaliska.pl\/wp-content\/uploads\/2025\/10\/Zdjecie-WhatsApp-2025-10-16-o-23.04.15_68a10425-768x1086.jpg 768w, https:\/\/parafiakaliska.pl\/wp-content\/uploads\/2025\/10\/Zdjecie-WhatsApp-2025-10-16-o-23.04.15_68a10425-1086x1536.jpg 1086w, https:\/\/parafiakaliska.pl\/wp-content\/uploads\/2025\/10\/Zdjecie-WhatsApp-2025-10-16-o-23.04.15_68a10425.jpg 1131w\" sizes=\"(max-width: 724px) 100vw, 724px\" \/><\/figure>\n<\/figure>\n","protected":false},"excerpt":{"rendered":"<p>Nasza Parafia razem z Parafialnym Zespo\u0142em Caritas zaprasza dzieci wraz z rodzicami oraz wszystkie rodziny naszej parafii na Bal Wszystkich \u015awi\u0119tych, kt\u00f3ry odb\u0119dzie si\u0119 31 pa\u017adziernika w pi\u0105tek od godz. 17.00 do 20.00. Rozpoczniemy Msz\u0105 \u015bwi\u0119t\u0105 o godz. 17.00 w naszym ko\u015bciele parafialnym, a nast\u0119pnie przejdziemy w orszaku do Domu Stra\u017caka w Kaliskach. Pragniemy, aby &hellip;<\/p>\n<p class=\"read-more\"> <a class=\"\" href=\"https:\/\/parafiakaliska.pl\/index.php\/2025\/10\/20\/zaproszenie-na-bal-wszystkich-swietych\/\"> <span class=\"screen-reader-text\">ZAPROSZENIE NA BAL WSZYSTKICH \u015aWI\u0118TYCH<\/span> Read More &raquo;<\/a><\/p>\n","protected":false},"author":3,"featured_media":0,"comment_status":"closed","ping_status":"closed","sticky":false,"template":"","format":"standard","meta":{"_eb_attr":"","site-sidebar-layout":"default","site-content-layout":"default","ast-global-header-display":"","ast-main-header-display":"","ast-hfb-above-header-display":"","ast-hfb-below-header-display":"","ast-hfb-mobile-header-display":"","site-post-title":"","ast-breadcrumbs-content":"","ast-featured-img":"","footer-sml-layout":"","theme-transparent-header-meta":"","adv-header-id-meta":"","stick-header-meta":"","header-above-stick-meta":"","header-main-stick-meta":"","header-below-stick-meta":"","footnotes":""},"categories":[],"tags":[],"class_list":["post-6965","post","type-post","status-publish","format-standard","hentry"],"_links":{"self":[{"href":"https:\/\/parafiakaliska.pl\/index.php\/wp-json\/wp\/v2\/posts\/6965","targetHints":{"allow":["GET"]}}],"collection":[{"href":"https:\/\/parafiakaliska.pl\/index.php\/wp-json\/wp\/v2\/posts"}],"about":[{"href":"https:\/\/parafiakaliska.pl\/index.php\/wp-json\/wp\/v2\/types\/post"}],"author":[{"embeddable":true,"href":"https:\/\/parafiakaliska.pl\/index.php\/wp-json\/wp\/v2\/users\/3"}],"replies":[{"embeddable":true,"href":"https:\/\/parafiakaliska.pl\/index.php\/wp-json\/wp\/v2\/comments?post=6965"}],"version-history":[{"count":2,"href":"https:\/\/parafiakaliska.pl\/index.php\/wp-json\/wp\/v2\/posts\/6965\/revisions"}],"predecessor-version":[{"id":6968,"href":"https:\/\/parafiakaliska.pl\/index.php\/wp-json\/wp\/v2\/posts\/6965\/revisions\/6968"}],"wp:attachment":[{"href":"https:\/\/parafiakaliska.pl\/index.php\/wp-json\/wp\/v2\/media?parent=6965"}],"wp:term":[{"taxonomy":"category","embeddable":true,"href":"https:\/\/parafiakaliska.pl\/index.php\/wp-json\/wp\/v2\/categories?post=6965"},{"taxonomy":"post_tag","embeddable":true,"href":"https:\/\/parafiakaliska.pl\/index.php\/wp-json\/wp\/v2\/tags?post=6965"}],"curies":[{"name":"wp","href":"https:\/\/api.w.org\/{rel}","templated":true}]}}