{"id":6745,"date":"2025-08-22T10:08:11","date_gmt":"2025-08-22T08:08:11","guid":{"rendered":"https:\/\/parafiakaliska.pl\/?p=6745"},"modified":"2025-08-22T10:08:16","modified_gmt":"2025-08-22T08:08:16","slug":"apel-biskupa-pelplinskiego-o-modlitwe-i-post-w-intencji-pokoju","status":"publish","type":"post","link":"https:\/\/parafiakaliska.pl\/index.php\/2025\/08\/22\/apel-biskupa-pelplinskiego-o-modlitwe-i-post-w-intencji-pokoju\/","title":{"rendered":"APEL BISKUPA PELPLI\u0143SKIEGO O MODLITW\u0118 I POST W INTENCJI POKOJU"},"content":{"rendered":"\n<p>Siostry i Bracia,<\/p>\n\n\n\n<p>Odpowiadaj\u0105c na wezwanie papie\u017ca Leona XIV, wyg\u0142oszone 20 sierpnia br. na zako\u0144czenie audiencji generalnej oraz przy\u0142\u0105czaj\u0105c si\u0119 do apelu Przewodnicz\u0105cego Konferencji Episkopatu Polski, prosz\u0119 o podj\u0119cie postu w najbli\u017cszy pi\u0105tek, 22 sierpnia w intencji pokoju na \u015bwiecie oraz o szczeg\u00f3ln\u0105 modlitw\u0119 w tej intencji.Pami\u0119tajmy tego dnia o wszystkich cierpi\u0105cych z powodu wojen i pro\u015bmy Mi\u0142osiernego Boga, za wstawiennictwem Maryi Kr\u00f3lowej Pokoju, o ustanie konflikt\u00f3w zbrojnych.Na czas duchowej solidarno\u015bci z udr\u0119czonymi dzia\u0142aniami wojennymi oraz trwanie na modlitwie i po\u015bcie, z serca b\u0142ogos\u0142awi\u0119.<\/p>\n\n\n\n<p>+ Ryszard Kasyna<\/p>\n\n\n\n<p>Biskup Pelpli\u0144ski<\/p>\n\n\n\n<p><\/p>\n","protected":false},"excerpt":{"rendered":"<p>Siostry i Bracia, Odpowiadaj\u0105c na wezwanie papie\u017ca Leona XIV, wyg\u0142oszone 20 sierpnia br. na zako\u0144czenie audiencji generalnej oraz przy\u0142\u0105czaj\u0105c si\u0119 do apelu Przewodnicz\u0105cego Konferencji Episkopatu Polski, prosz\u0119 o podj\u0119cie postu w najbli\u017cszy pi\u0105tek, 22 sierpnia w intencji pokoju na \u015bwiecie oraz o szczeg\u00f3ln\u0105 modlitw\u0119 w tej intencji.Pami\u0119tajmy tego dnia o wszystkich cierpi\u0105cych z powodu wojen &hellip;<\/p>\n<p class=\"read-more\"> <a class=\"\" href=\"https:\/\/parafiakaliska.pl\/index.php\/2025\/08\/22\/apel-biskupa-pelplinskiego-o-modlitwe-i-post-w-intencji-pokoju\/\"> <span class=\"screen-reader-text\">APEL BISKUPA PELPLI\u0143SKIEGO O MODLITW\u0118 I POST W INTENCJI POKOJU<\/span> Read More &raquo;<\/a><\/p>\n","protected":false},"author":3,"featured_media":0,"comment_status":"closed","ping_status":"closed","sticky":false,"template":"","format":"standard","meta":{"_eb_attr":"","site-sidebar-layout":"default","site-content-layout":"default","ast-global-header-display":"","ast-main-header-display":"","ast-hfb-above-header-display":"","ast-hfb-below-header-display":"","ast-hfb-mobile-header-display":"","site-post-title":"","ast-breadcrumbs-content":"","ast-featured-img":"","footer-sml-layout":"","theme-transparent-header-meta":"","adv-header-id-meta":"","stick-header-meta":"","header-above-stick-meta":"","header-main-stick-meta":"","header-below-stick-meta":"","footnotes":""},"categories":[],"tags":[],"class_list":["post-6745","post","type-post","status-publish","format-standard","hentry"],"_links":{"self":[{"href":"https:\/\/parafiakaliska.pl\/index.php\/wp-json\/wp\/v2\/posts\/6745","targetHints":{"allow":["GET"]}}],"collection":[{"href":"https:\/\/parafiakaliska.pl\/index.php\/wp-json\/wp\/v2\/posts"}],"about":[{"href":"https:\/\/parafiakaliska.pl\/index.php\/wp-json\/wp\/v2\/types\/post"}],"author":[{"embeddable":true,"href":"https:\/\/parafiakaliska.pl\/index.php\/wp-json\/wp\/v2\/users\/3"}],"replies":[{"embeddable":true,"href":"https:\/\/parafiakaliska.pl\/index.php\/wp-json\/wp\/v2\/comments?post=6745"}],"version-history":[{"count":1,"href":"https:\/\/parafiakaliska.pl\/index.php\/wp-json\/wp\/v2\/posts\/6745\/revisions"}],"predecessor-version":[{"id":6746,"href":"https:\/\/parafiakaliska.pl\/index.php\/wp-json\/wp\/v2\/posts\/6745\/revisions\/6746"}],"wp:attachment":[{"href":"https:\/\/parafiakaliska.pl\/index.php\/wp-json\/wp\/v2\/media?parent=6745"}],"wp:term":[{"taxonomy":"category","embeddable":true,"href":"https:\/\/parafiakaliska.pl\/index.php\/wp-json\/wp\/v2\/categories?post=6745"},{"taxonomy":"post_tag","embeddable":true,"href":"https:\/\/parafiakaliska.pl\/index.php\/wp-json\/wp\/v2\/tags?post=6745"}],"curies":[{"name":"wp","href":"https:\/\/api.w.org\/{rel}","templated":true}]}}