{"id":5859,"date":"2024-10-11T22:16:49","date_gmt":"2024-10-11T20:16:49","guid":{"rendered":"https:\/\/parafiakaliska.pl\/?p=5859"},"modified":"2025-05-22T08:59:00","modified_gmt":"2025-05-22T06:59:00","slug":"13-pazdziernika-dzien-papieski","status":"publish","type":"post","link":"https:\/\/parafiakaliska.pl\/index.php\/2024\/10\/11\/13-pazdziernika-dzien-papieski\/","title":{"rendered":"13 pa\u017adziernika &#8222;Dzie\u0144 Papieski&#8221;"},"content":{"rendered":"\n<blockquote class=\"wp-block-quote is-layout-flow wp-block-quote-is-layout-flow\">\n<p class=\"has-text-align-center\">Has\u0142em tegorocznego Dnia Papieskiego sta\u0142y si\u0119 s\u0142owa <\/p>\n\n\n\n<p class=\"has-text-align-center\"><em><strong>,,\u015aw. Jan Pawe\u0142 II. Ewangelia<br>staro\u015bci i cierpienia\u201d.<\/strong><\/em><\/p>\n<\/blockquote>\n\n\n\n<p>Ka\u017cdego roku, w niedziel\u0119 poprzedzaj\u0105c\u0105 wyb\u00f3r Karola Wojty\u0142y na Stolic\u0119 Piotrow\u0105, w ca\u0142ej Polsce oraz \u015brodowiskach polonijnych obchodzony jest Dzie\u0144 Papieski, podczas kt\u00f3rego \u0142\u0105czymy si\u0119 w modlitwie z obecnym papie\u017cem oraz zag\u0142\u0119biamy si\u0119 w nauczanie \u015bw. Jana Paw\u0142a II.<\/p>\n\n\n\n<p>Dzie\u0144 Papieski w ka\u017cdym roku ma swoje has\u0142o, wskazuj\u0105ce na istotny obszar papieskiego nauczania. Has\u0142o to stanowi osnow\u0119 wszystkich wydarze\u0144 modlitewnych, liturgicznych i artystycznych.<\/p>\n\n\n\n<p>Aspekt charytatywny tego dnia to przyko\u015bcielna i publiczna zbi\u00f3rka pieni\u0119dzy na rzecz funduszu stypendialnego dla zdolnej m\u0142odzie\u017cy z niezamo\u017cnych rodzin. <strong>Podopieczni Fundacji s\u0105 nazywani mianem <em>\u201e\u017cywego pomnika\u201d<\/em> \u015bw. Jana Paw\u0142a II, a wspieranie ich wyrazem wdzi\u0119czno\u015bci Polak\u00f3w wobec swojego Wielkiego Rodaka.<\/strong><\/p>\n\n\n\n<figure class=\"wp-block-image size-large\"><img fetchpriority=\"high\" decoding=\"async\" width=\"724\" height=\"1024\" src=\"https:\/\/parafiakaliska.pl\/wp-content\/uploads\/2024\/10\/XXIVDP-plakat-724x1024.jpg\" alt=\"\" class=\"wp-image-5860\" srcset=\"https:\/\/parafiakaliska.pl\/wp-content\/uploads\/2024\/10\/XXIVDP-plakat-724x1024.jpg 724w, https:\/\/parafiakaliska.pl\/wp-content\/uploads\/2024\/10\/XXIVDP-plakat-212x300.jpg 212w, https:\/\/parafiakaliska.pl\/wp-content\/uploads\/2024\/10\/XXIVDP-plakat-768x1086.jpg 768w, https:\/\/parafiakaliska.pl\/wp-content\/uploads\/2024\/10\/XXIVDP-plakat-1086x1536.jpg 1086w, https:\/\/parafiakaliska.pl\/wp-content\/uploads\/2024\/10\/XXIVDP-plakat.jpg 1240w\" sizes=\"(max-width: 724px) 100vw, 724px\" \/><\/figure>\n","protected":false},"excerpt":{"rendered":"<p>Has\u0142em tegorocznego Dnia Papieskiego sta\u0142y si\u0119 s\u0142owa ,,\u015aw. Jan Pawe\u0142 II. Ewangeliastaro\u015bci i cierpienia\u201d. Ka\u017cdego roku, w niedziel\u0119 poprzedzaj\u0105c\u0105 wyb\u00f3r Karola Wojty\u0142y na Stolic\u0119 Piotrow\u0105, w ca\u0142ej Polsce oraz \u015brodowiskach polonijnych obchodzony jest Dzie\u0144 Papieski, podczas kt\u00f3rego \u0142\u0105czymy si\u0119 w modlitwie z obecnym papie\u017cem oraz zag\u0142\u0119biamy si\u0119 w nauczanie \u015bw. Jana Paw\u0142a II. Dzie\u0144 Papieski &hellip;<\/p>\n<p class=\"read-more\"> <a class=\"\" href=\"https:\/\/parafiakaliska.pl\/index.php\/2024\/10\/11\/13-pazdziernika-dzien-papieski\/\"> <span class=\"screen-reader-text\">13 pa\u017adziernika &#8222;Dzie\u0144 Papieski&#8221;<\/span> Read More &raquo;<\/a><\/p>\n","protected":false},"author":3,"featured_media":0,"comment_status":"closed","ping_status":"closed","sticky":false,"template":"","format":"standard","meta":{"_eb_attr":"","site-sidebar-layout":"default","site-content-layout":"default","ast-global-header-display":"","ast-main-header-display":"","ast-hfb-above-header-display":"","ast-hfb-below-header-display":"","ast-hfb-mobile-header-display":"","site-post-title":"","ast-breadcrumbs-content":"","ast-featured-img":"","footer-sml-layout":"","theme-transparent-header-meta":"","adv-header-id-meta":"","stick-header-meta":"","header-above-stick-meta":"","header-main-stick-meta":"","header-below-stick-meta":"","footnotes":""},"categories":[],"tags":[],"class_list":["post-5859","post","type-post","status-publish","format-standard","hentry"],"_links":{"self":[{"href":"https:\/\/parafiakaliska.pl\/index.php\/wp-json\/wp\/v2\/posts\/5859","targetHints":{"allow":["GET"]}}],"collection":[{"href":"https:\/\/parafiakaliska.pl\/index.php\/wp-json\/wp\/v2\/posts"}],"about":[{"href":"https:\/\/parafiakaliska.pl\/index.php\/wp-json\/wp\/v2\/types\/post"}],"author":[{"embeddable":true,"href":"https:\/\/parafiakaliska.pl\/index.php\/wp-json\/wp\/v2\/users\/3"}],"replies":[{"embeddable":true,"href":"https:\/\/parafiakaliska.pl\/index.php\/wp-json\/wp\/v2\/comments?post=5859"}],"version-history":[{"count":2,"href":"https:\/\/parafiakaliska.pl\/index.php\/wp-json\/wp\/v2\/posts\/5859\/revisions"}],"predecessor-version":[{"id":6418,"href":"https:\/\/parafiakaliska.pl\/index.php\/wp-json\/wp\/v2\/posts\/5859\/revisions\/6418"}],"wp:attachment":[{"href":"https:\/\/parafiakaliska.pl\/index.php\/wp-json\/wp\/v2\/media?parent=5859"}],"wp:term":[{"taxonomy":"category","embeddable":true,"href":"https:\/\/parafiakaliska.pl\/index.php\/wp-json\/wp\/v2\/categories?post=5859"},{"taxonomy":"post_tag","embeddable":true,"href":"https:\/\/parafiakaliska.pl\/index.php\/wp-json\/wp\/v2\/tags?post=5859"}],"curies":[{"name":"wp","href":"https:\/\/api.w.org\/{rel}","templated":true}]}}