{"id":4014,"date":"2023-04-23T20:44:13","date_gmt":"2023-04-23T18:44:13","guid":{"rendered":"https:\/\/parafiakaliska.pl\/?p=4014"},"modified":"2023-04-23T22:10:33","modified_gmt":"2023-04-23T20:10:33","slug":"koncert-kwartetu-wokalno-instrumentalnego","status":"publish","type":"post","link":"https:\/\/parafiakaliska.pl\/index.php\/2023\/04\/23\/koncert-kwartetu-wokalno-instrumentalnego\/","title":{"rendered":"KONCERT KWARTETU WOKALNO &#8211; INSTRUMENTALNEGO"},"content":{"rendered":"\n<p>W sobot\u0119 22 kwietnia 2023 roku na zako\u0144czenie Tygodnia Mi\u0142osierdzia w naszym ko\u015bciele parafialnym odby\u0142 si\u0119 koncert kwartetu \u201eTrzy plus jeden&#8221; pt. <em>\u201eMi\u0142osierdzie Bo\u017ce na wieki wychwala\u0107 b\u0119d\u0119\u201d<\/em>.<\/p>\n\n\n\n<figure class=\"wp-block-image size-large\"><img fetchpriority=\"high\" decoding=\"async\" width=\"1024\" height=\"768\" src=\"https:\/\/parafiakaliska.pl\/wp-content\/uploads\/2023\/04\/IMG_0372-min-1024x768.jpg\" alt=\"\" class=\"wp-image-4015\" srcset=\"https:\/\/parafiakaliska.pl\/wp-content\/uploads\/2023\/04\/IMG_0372-min-1024x768.jpg 1024w, https:\/\/parafiakaliska.pl\/wp-content\/uploads\/2023\/04\/IMG_0372-min-300x225.jpg 300w, https:\/\/parafiakaliska.pl\/wp-content\/uploads\/2023\/04\/IMG_0372-min-768x576.jpg 768w, https:\/\/parafiakaliska.pl\/wp-content\/uploads\/2023\/04\/IMG_0372-min-1536x1152.jpg 1536w, https:\/\/parafiakaliska.pl\/wp-content\/uploads\/2023\/04\/IMG_0372-min-2048x1536.jpg 2048w\" sizes=\"(max-width: 1024px) 100vw, 1024px\" \/><\/figure>\n\n\n\n<div style=\"height:100px\" aria-hidden=\"true\" class=\"wp-block-spacer\"><\/div>\n\n\n\n<p>O godz. 17:00 zosta\u0142a odprawiona Msza \u015bwi\u0119ta, podczas kt\u00f3rej mogli\u015bmy us\u0142ysze\u0107 pierwsze pie\u015bni w wykonaniu zespo\u0142u. Po jej zako\u0144czeniu kwartet zaprezentowa\u0142 kolejne przygotowane utwory o Bo\u017cym Mi\u0142osierdziu, oparte na fragmentach z Dzienniczka \u015bw. Faustyny. Ka\u017cda pie\u015b\u0144 by\u0142a poprzedzona kr\u00f3tkim rozwa\u017caniem o wierze i Bo\u017cej mi\u0142o\u015bci. Dope\u0142nieniem wyst\u0119pu by\u0142a pi\u0119kna gra na skrzypcach.<\/p>\n\n\n\n<figure class=\"wp-block-image size-large\"><img decoding=\"async\" width=\"1024\" height=\"768\" src=\"https:\/\/parafiakaliska.pl\/wp-content\/uploads\/2023\/04\/IMG_0366-min-1-1024x768.jpg\" alt=\"\" class=\"wp-image-4024\" srcset=\"https:\/\/parafiakaliska.pl\/wp-content\/uploads\/2023\/04\/IMG_0366-min-1-1024x768.jpg 1024w, https:\/\/parafiakaliska.pl\/wp-content\/uploads\/2023\/04\/IMG_0366-min-1-300x225.jpg 300w, https:\/\/parafiakaliska.pl\/wp-content\/uploads\/2023\/04\/IMG_0366-min-1-768x576.jpg 768w, https:\/\/parafiakaliska.pl\/wp-content\/uploads\/2023\/04\/IMG_0366-min-1-1536x1152.jpg 1536w, https:\/\/parafiakaliska.pl\/wp-content\/uploads\/2023\/04\/IMG_0366-min-1-2048x1536.jpg 2048w\" sizes=\"(max-width: 1024px) 100vw, 1024px\" \/><\/figure>\n\n\n\n<div style=\"height:100px\" aria-hidden=\"true\" class=\"wp-block-spacer\"><\/div>\n\n\n\n<p>Przepi\u0119kne wykonania by\u0142y u\u015bwietnione zjawiskowymi efektami \u015bwietlnymi, dzi\u0119ki kt\u00f3rym mo\u017cna by\u0142o lepiej ws\u0142ucha\u0107 si\u0119 w tre\u015b\u0107 wykonywanych pie\u015bni i pi\u0119kniej prze\u017cy\u0107 ca\u0142y koncert.<\/p>\n\n\n\n<p>Poni\u017cej relacja zdj\u0119ciowa z koncertu.&nbsp;<\/p>\n\n\n\n<p>fot. Natalia Osnowska<\/p>\n\n\n\n<figure class=\"wp-block-image size-large\"><img decoding=\"async\" width=\"1024\" height=\"768\" src=\"https:\/\/parafiakaliska.pl\/wp-content\/uploads\/2023\/04\/IMG_0377-min-1024x768.jpg\" alt=\"\" class=\"wp-image-4017\" srcset=\"https:\/\/parafiakaliska.pl\/wp-content\/uploads\/2023\/04\/IMG_0377-min-1024x768.jpg 1024w, https:\/\/parafiakaliska.pl\/wp-content\/uploads\/2023\/04\/IMG_0377-min-300x225.jpg 300w, https:\/\/parafiakaliska.pl\/wp-content\/uploads\/2023\/04\/IMG_0377-min-768x576.jpg 768w, https:\/\/parafiakaliska.pl\/wp-content\/uploads\/2023\/04\/IMG_0377-min-1536x1152.jpg 1536w, https:\/\/parafiakaliska.pl\/wp-content\/uploads\/2023\/04\/IMG_0377-min-2048x1536.jpg 2048w\" sizes=\"(max-width: 1024px) 100vw, 1024px\" \/><\/figure>\n\n\n\n<figure class=\"wp-block-image size-large\"><img loading=\"lazy\" decoding=\"async\" width=\"1024\" height=\"768\" src=\"https:\/\/parafiakaliska.pl\/wp-content\/uploads\/2023\/04\/IMG_0370-min-1024x768.jpg\" alt=\"\" class=\"wp-image-4018\" srcset=\"https:\/\/parafiakaliska.pl\/wp-content\/uploads\/2023\/04\/IMG_0370-min-1024x768.jpg 1024w, https:\/\/parafiakaliska.pl\/wp-content\/uploads\/2023\/04\/IMG_0370-min-300x225.jpg 300w, https:\/\/parafiakaliska.pl\/wp-content\/uploads\/2023\/04\/IMG_0370-min-768x576.jpg 768w, https:\/\/parafiakaliska.pl\/wp-content\/uploads\/2023\/04\/IMG_0370-min-1536x1152.jpg 1536w, https:\/\/parafiakaliska.pl\/wp-content\/uploads\/2023\/04\/IMG_0370-min-2048x1536.jpg 2048w\" sizes=\"(max-width: 1024px) 100vw, 1024px\" \/><\/figure>\n\n\n\n<figure class=\"wp-block-image size-large\"><img loading=\"lazy\" decoding=\"async\" width=\"1024\" height=\"768\" src=\"https:\/\/parafiakaliska.pl\/wp-content\/uploads\/2023\/04\/IMG_0378-min-1-1024x768.jpg\" alt=\"\" class=\"wp-image-4021\" srcset=\"https:\/\/parafiakaliska.pl\/wp-content\/uploads\/2023\/04\/IMG_0378-min-1-1024x768.jpg 1024w, https:\/\/parafiakaliska.pl\/wp-content\/uploads\/2023\/04\/IMG_0378-min-1-300x225.jpg 300w, https:\/\/parafiakaliska.pl\/wp-content\/uploads\/2023\/04\/IMG_0378-min-1-768x576.jpg 768w, https:\/\/parafiakaliska.pl\/wp-content\/uploads\/2023\/04\/IMG_0378-min-1-1536x1152.jpg 1536w, https:\/\/parafiakaliska.pl\/wp-content\/uploads\/2023\/04\/IMG_0378-min-1-2048x1536.jpg 2048w\" sizes=\"(max-width: 1024px) 100vw, 1024px\" \/><\/figure>\n\n\n\n<figure class=\"wp-block-image size-large\"><img loading=\"lazy\" decoding=\"async\" width=\"1024\" height=\"768\" src=\"https:\/\/parafiakaliska.pl\/wp-content\/uploads\/2023\/04\/IMG_0383-min-1-1024x768.jpg\" alt=\"\" class=\"wp-image-4022\" srcset=\"https:\/\/parafiakaliska.pl\/wp-content\/uploads\/2023\/04\/IMG_0383-min-1-1024x768.jpg 1024w, https:\/\/parafiakaliska.pl\/wp-content\/uploads\/2023\/04\/IMG_0383-min-1-300x225.jpg 300w, https:\/\/parafiakaliska.pl\/wp-content\/uploads\/2023\/04\/IMG_0383-min-1-768x576.jpg 768w, https:\/\/parafiakaliska.pl\/wp-content\/uploads\/2023\/04\/IMG_0383-min-1-1536x1152.jpg 1536w, https:\/\/parafiakaliska.pl\/wp-content\/uploads\/2023\/04\/IMG_0383-min-1-2048x1536.jpg 2048w\" sizes=\"(max-width: 1024px) 100vw, 1024px\" \/><\/figure>\n","protected":false},"excerpt":{"rendered":"<p>W sobot\u0119 22 kwietnia 2023 roku na zako\u0144czenie Tygodnia Mi\u0142osierdzia w naszym ko\u015bciele parafialnym odby\u0142 si\u0119 koncert kwartetu \u201eTrzy plus jeden&#8221; pt. \u201eMi\u0142osierdzie Bo\u017ce na wieki wychwala\u0107 b\u0119d\u0119\u201d. O godz. 17:00 zosta\u0142a odprawiona Msza \u015bwi\u0119ta, podczas kt\u00f3rej mogli\u015bmy us\u0142ysze\u0107 pierwsze pie\u015bni w wykonaniu zespo\u0142u. Po jej zako\u0144czeniu kwartet zaprezentowa\u0142 kolejne przygotowane utwory o Bo\u017cym Mi\u0142osierdziu, &hellip;<\/p>\n<p class=\"read-more\"> <a class=\"\" href=\"https:\/\/parafiakaliska.pl\/index.php\/2023\/04\/23\/koncert-kwartetu-wokalno-instrumentalnego\/\"> <span class=\"screen-reader-text\">KONCERT KWARTETU WOKALNO &#8211; INSTRUMENTALNEGO<\/span> Read More &raquo;<\/a><\/p>\n","protected":false},"author":3,"featured_media":0,"comment_status":"closed","ping_status":"closed","sticky":false,"template":"","format":"standard","meta":{"_eb_attr":"","site-sidebar-layout":"default","site-content-layout":"default","ast-global-header-display":"","ast-main-header-display":"","ast-hfb-above-header-display":"","ast-hfb-below-header-display":"","ast-hfb-mobile-header-display":"","site-post-title":"","ast-breadcrumbs-content":"","ast-featured-img":"","footer-sml-layout":"","theme-transparent-header-meta":"","adv-header-id-meta":"","stick-header-meta":"","header-above-stick-meta":"","header-main-stick-meta":"","header-below-stick-meta":"","footnotes":""},"categories":[],"tags":[],"class_list":["post-4014","post","type-post","status-publish","format-standard","hentry"],"_links":{"self":[{"href":"https:\/\/parafiakaliska.pl\/index.php\/wp-json\/wp\/v2\/posts\/4014","targetHints":{"allow":["GET"]}}],"collection":[{"href":"https:\/\/parafiakaliska.pl\/index.php\/wp-json\/wp\/v2\/posts"}],"about":[{"href":"https:\/\/parafiakaliska.pl\/index.php\/wp-json\/wp\/v2\/types\/post"}],"author":[{"embeddable":true,"href":"https:\/\/parafiakaliska.pl\/index.php\/wp-json\/wp\/v2\/users\/3"}],"replies":[{"embeddable":true,"href":"https:\/\/parafiakaliska.pl\/index.php\/wp-json\/wp\/v2\/comments?post=4014"}],"version-history":[{"count":7,"href":"https:\/\/parafiakaliska.pl\/index.php\/wp-json\/wp\/v2\/posts\/4014\/revisions"}],"predecessor-version":[{"id":4031,"href":"https:\/\/parafiakaliska.pl\/index.php\/wp-json\/wp\/v2\/posts\/4014\/revisions\/4031"}],"wp:attachment":[{"href":"https:\/\/parafiakaliska.pl\/index.php\/wp-json\/wp\/v2\/media?parent=4014"}],"wp:term":[{"taxonomy":"category","embeddable":true,"href":"https:\/\/parafiakaliska.pl\/index.php\/wp-json\/wp\/v2\/categories?post=4014"},{"taxonomy":"post_tag","embeddable":true,"href":"https:\/\/parafiakaliska.pl\/index.php\/wp-json\/wp\/v2\/tags?post=4014"}],"curies":[{"name":"wp","href":"https:\/\/api.w.org\/{rel}","templated":true}]}}