{"id":3856,"date":"2023-04-08T01:20:57","date_gmt":"2023-04-07T23:20:57","guid":{"rendered":"https:\/\/parafiakaliska.pl\/?p=3856"},"modified":"2023-07-05T20:41:10","modified_gmt":"2023-07-05T18:41:10","slug":"wielki-piatek-liturgia-meki-panskiej","status":"publish","type":"post","link":"https:\/\/parafiakaliska.pl\/index.php\/2023\/04\/08\/wielki-piatek-liturgia-meki-panskiej\/","title":{"rendered":"WIELKI PI\u0104TEK &#8211; LITURGIA M\u0118KI PA\u0143SKIEJ"},"content":{"rendered":"\n<p>W Wielki Pi\u0105tek o godz. 18:00 odby\u0142a si\u0119 uroczysta Liturgia M\u0119ki Pa\u0144skiej. To jedyny dzie\u0144 w roku, w kt\u00f3rym nie sprawuje si\u0119 Mszy \u015bwi\u0119tej. Na pocz\u0105tku liturgii Celebrans w czerwonych szatach wszed\u0142  w procesji ze s\u0142u\u017cb\u0105 liturgiczn\u0105 do ko\u015bcio\u0142a. Nast\u0119pnie w chwili ciszy po\u0142o\u017cy\u0142 si\u0119 krzy\u017cem przed o\u0142tarzem.<\/p>\n\n\n\n<figure class=\"wp-block-image size-large\"><img fetchpriority=\"high\" decoding=\"async\" width=\"1024\" height=\"684\" src=\"https:\/\/parafiakaliska.pl\/wp-content\/uploads\/2023\/04\/DXC_7838-1-1024x684.jpg\" alt=\"\" class=\"wp-image-3857\" srcset=\"https:\/\/parafiakaliska.pl\/wp-content\/uploads\/2023\/04\/DXC_7838-1-1024x684.jpg 1024w, https:\/\/parafiakaliska.pl\/wp-content\/uploads\/2023\/04\/DXC_7838-1-300x200.jpg 300w, https:\/\/parafiakaliska.pl\/wp-content\/uploads\/2023\/04\/DXC_7838-1-768x513.jpg 768w, https:\/\/parafiakaliska.pl\/wp-content\/uploads\/2023\/04\/DXC_7838-1.jpg 1200w\" sizes=\"(max-width: 1024px) 100vw, 1024px\" \/><\/figure>\n\n\n\n<div style=\"height:100px\" aria-hidden=\"true\" class=\"wp-block-spacer\"><\/div>\n\n\n\n<p>Ca\u0142a liturgia sk\u0142ada\u0142a si\u0119 z czterech cz\u0119\u015bci: liturgii s\u0142owa, adoracji Krzy\u017ca, Komunii \u015awi\u0119tej i przeniesienia Naj\u015bwi\u0119tszego Sakramentu do Grobu Pa\u0144skiego.<\/p>\n\n\n\n<figure class=\"wp-block-image size-large\"><img decoding=\"async\" width=\"1024\" height=\"684\" src=\"https:\/\/parafiakaliska.pl\/wp-content\/uploads\/2023\/04\/DXC_7843-1-1024x684.jpg\" alt=\"\" class=\"wp-image-3862\" srcset=\"https:\/\/parafiakaliska.pl\/wp-content\/uploads\/2023\/04\/DXC_7843-1-1024x684.jpg 1024w, https:\/\/parafiakaliska.pl\/wp-content\/uploads\/2023\/04\/DXC_7843-1-300x201.jpg 300w, https:\/\/parafiakaliska.pl\/wp-content\/uploads\/2023\/04\/DXC_7843-1-768x513.jpg 768w, https:\/\/parafiakaliska.pl\/wp-content\/uploads\/2023\/04\/DXC_7843-1.jpg 1200w\" sizes=\"(max-width: 1024px) 100vw, 1024px\" \/><\/figure>\n\n\n\n<div style=\"height:100px\" aria-hidden=\"true\" class=\"wp-block-spacer\"><\/div>\n\n\n\n<p>Po modlitwie wst\u0119pnej odczytane zosta\u0142o proroctwo o cierpi\u0105cym S\u0142udze Jahwe oraz fragment Listu do Hebrajczyk\u00f3w. Najwa\u017cniejszym elementem liturgii s\u0142owa by\u0142o odczytanie M\u0119ki Pa\u0144skiej. <\/p>\n\n\n\n<figure class=\"wp-block-image size-large\"><img decoding=\"async\" width=\"1024\" height=\"684\" src=\"https:\/\/parafiakaliska.pl\/wp-content\/uploads\/2023\/04\/DXC_7847-1-1024x684.jpg\" alt=\"\" class=\"wp-image-3861\" srcset=\"https:\/\/parafiakaliska.pl\/wp-content\/uploads\/2023\/04\/DXC_7847-1-1024x684.jpg 1024w, https:\/\/parafiakaliska.pl\/wp-content\/uploads\/2023\/04\/DXC_7847-1-300x201.jpg 300w, https:\/\/parafiakaliska.pl\/wp-content\/uploads\/2023\/04\/DXC_7847-1-768x513.jpg 768w, https:\/\/parafiakaliska.pl\/wp-content\/uploads\/2023\/04\/DXC_7847-1.jpg 1200w\" sizes=\"(max-width: 1024px) 100vw, 1024px\" \/><\/figure>\n\n\n\n<div style=\"height:100px\" aria-hidden=\"true\" class=\"wp-block-spacer\"><\/div>\n\n\n\n<p>Podczas adoracji Krzy\u017ca Celebrans stopniowo ods\u0142ania\u0142 krzy\u017c, trzykrotnie wypowiadaj\u0105c s\u0142owa: <em>\u201eOto drzewo Krzy\u017ca, na kt\u00f3rym zawis\u0142o zbawienie \u015bwiata&#8221;<\/em>. Nast\u0119pnie wierni kolejno podchodzili, by odda\u0107 pok\u0142on ukrzy\u017cowanemu Jezusowi. Po adoracji Krzy\u017ca z ciemnicy zosta\u0142 przeniesiony Naj\u015bwi\u0119tszy Sakrament, a wiernym udzielono Komunii \u015awi\u0119tej.<\/p>\n\n\n\n<figure class=\"wp-block-image size-large\"><img loading=\"lazy\" decoding=\"async\" width=\"1024\" height=\"684\" src=\"https:\/\/parafiakaliska.pl\/wp-content\/uploads\/2023\/04\/DXC_7862-2-1024x684.jpg\" alt=\"\" class=\"wp-image-3859\" srcset=\"https:\/\/parafiakaliska.pl\/wp-content\/uploads\/2023\/04\/DXC_7862-2-1024x684.jpg 1024w, https:\/\/parafiakaliska.pl\/wp-content\/uploads\/2023\/04\/DXC_7862-2-300x200.jpg 300w, https:\/\/parafiakaliska.pl\/wp-content\/uploads\/2023\/04\/DXC_7862-2-768x513.jpg 768w, https:\/\/parafiakaliska.pl\/wp-content\/uploads\/2023\/04\/DXC_7862-2.jpg 1200w\" sizes=\"(max-width: 1024px) 100vw, 1024px\" \/><\/figure>\n\n\n\n<div style=\"height:100px\" aria-hidden=\"true\" class=\"wp-block-spacer\"><\/div>\n\n\n\n<p>Ostatnim elementem Liturgii Wielkiego Pi\u0105tku by\u0142a procesja do Grobu Pa\u0144skiego. Na o\u0142tarzu znajduj\u0105cym si\u0119 nad Grobem, Celebrans ustawi\u0142 Naj\u015bwi\u0119tszy Sakrament w monstrancji przykrytej welonem &#8211;  symbolem ca\u0142unu w kt\u00f3ry owini\u0119to cia\u0142o Jezusa. <\/p>\n\n\n\n<figure class=\"wp-block-image size-large\"><img loading=\"lazy\" decoding=\"async\" width=\"1024\" height=\"684\" src=\"https:\/\/parafiakaliska.pl\/wp-content\/uploads\/2023\/04\/DXC_7899-2-1024x684.jpg\" alt=\"\" class=\"wp-image-3865\" srcset=\"https:\/\/parafiakaliska.pl\/wp-content\/uploads\/2023\/04\/DXC_7899-2-1024x684.jpg 1024w, https:\/\/parafiakaliska.pl\/wp-content\/uploads\/2023\/04\/DXC_7899-2-300x201.jpg 300w, https:\/\/parafiakaliska.pl\/wp-content\/uploads\/2023\/04\/DXC_7899-2-768x513.jpg 768w, https:\/\/parafiakaliska.pl\/wp-content\/uploads\/2023\/04\/DXC_7899-2.jpg 1200w\" sizes=\"(max-width: 1024px) 100vw, 1024px\" \/><\/figure>\n\n\n\n<p>Adoracja trwa\u0142a do godz. 21:00. Na zako\u0144czenie adoracji od\u015bpiewano <em>&nbsp;\u201e<\/em>Gorzkie \u017bale&#8221;.<\/p>\n\n\n\n<p>Wi\u0119cej zdj\u0119\u0107 w zak\u0142adce<em> &nbsp;\u201e<\/em>Galeria&#8221;.<\/p>\n\n\n\n<figure class=\"wp-block-image size-large\"><img loading=\"lazy\" decoding=\"async\" width=\"684\" height=\"1024\" src=\"https:\/\/parafiakaliska.pl\/wp-content\/uploads\/2023\/04\/DXC_7922-2-684x1024.jpg\" alt=\"\" class=\"wp-image-3866\" srcset=\"https:\/\/parafiakaliska.pl\/wp-content\/uploads\/2023\/04\/DXC_7922-2-684x1024.jpg 684w, https:\/\/parafiakaliska.pl\/wp-content\/uploads\/2023\/04\/DXC_7922-2-200x300.jpg 200w, https:\/\/parafiakaliska.pl\/wp-content\/uploads\/2023\/04\/DXC_7922-2-768x1151.jpg 768w, https:\/\/parafiakaliska.pl\/wp-content\/uploads\/2023\/04\/DXC_7922-2.jpg 801w\" sizes=\"(max-width: 684px) 100vw, 684px\" \/><\/figure>\n\n\n\n<p>fot. Karolina Zaj\u0105czkowska<\/p>\n","protected":false},"excerpt":{"rendered":"<p>W Wielki Pi\u0105tek o godz. 18:00 odby\u0142a si\u0119 uroczysta Liturgia M\u0119ki Pa\u0144skiej. To jedyny dzie\u0144 w roku, w kt\u00f3rym nie sprawuje si\u0119 Mszy \u015bwi\u0119tej. Na pocz\u0105tku liturgii Celebrans w czerwonych szatach wszed\u0142 w procesji ze s\u0142u\u017cb\u0105 liturgiczn\u0105 do ko\u015bcio\u0142a. Nast\u0119pnie w chwili ciszy po\u0142o\u017cy\u0142 si\u0119 krzy\u017cem przed o\u0142tarzem. Ca\u0142a liturgia sk\u0142ada\u0142a si\u0119 z czterech cz\u0119\u015bci: &hellip;<\/p>\n<p class=\"read-more\"> <a class=\"\" href=\"https:\/\/parafiakaliska.pl\/index.php\/2023\/04\/08\/wielki-piatek-liturgia-meki-panskiej\/\"> <span class=\"screen-reader-text\">WIELKI PI\u0104TEK &#8211; LITURGIA M\u0118KI PA\u0143SKIEJ<\/span> Read More &raquo;<\/a><\/p>\n","protected":false},"author":3,"featured_media":0,"comment_status":"closed","ping_status":"closed","sticky":false,"template":"","format":"standard","meta":{"_eb_attr":"","site-sidebar-layout":"default","site-content-layout":"default","ast-global-header-display":"","ast-main-header-display":"","ast-hfb-above-header-display":"","ast-hfb-below-header-display":"","ast-hfb-mobile-header-display":"","site-post-title":"","ast-breadcrumbs-content":"","ast-featured-img":"","footer-sml-layout":"","theme-transparent-header-meta":"","adv-header-id-meta":"","stick-header-meta":"","header-above-stick-meta":"","header-main-stick-meta":"","header-below-stick-meta":"","footnotes":""},"categories":[],"tags":[],"class_list":["post-3856","post","type-post","status-publish","format-standard","hentry"],"_links":{"self":[{"href":"https:\/\/parafiakaliska.pl\/index.php\/wp-json\/wp\/v2\/posts\/3856","targetHints":{"allow":["GET"]}}],"collection":[{"href":"https:\/\/parafiakaliska.pl\/index.php\/wp-json\/wp\/v2\/posts"}],"about":[{"href":"https:\/\/parafiakaliska.pl\/index.php\/wp-json\/wp\/v2\/types\/post"}],"author":[{"embeddable":true,"href":"https:\/\/parafiakaliska.pl\/index.php\/wp-json\/wp\/v2\/users\/3"}],"replies":[{"embeddable":true,"href":"https:\/\/parafiakaliska.pl\/index.php\/wp-json\/wp\/v2\/comments?post=3856"}],"version-history":[{"count":3,"href":"https:\/\/parafiakaliska.pl\/index.php\/wp-json\/wp\/v2\/posts\/3856\/revisions"}],"predecessor-version":[{"id":4408,"href":"https:\/\/parafiakaliska.pl\/index.php\/wp-json\/wp\/v2\/posts\/3856\/revisions\/4408"}],"wp:attachment":[{"href":"https:\/\/parafiakaliska.pl\/index.php\/wp-json\/wp\/v2\/media?parent=3856"}],"wp:term":[{"taxonomy":"category","embeddable":true,"href":"https:\/\/parafiakaliska.pl\/index.php\/wp-json\/wp\/v2\/categories?post=3856"},{"taxonomy":"post_tag","embeddable":true,"href":"https:\/\/parafiakaliska.pl\/index.php\/wp-json\/wp\/v2\/tags?post=3856"}],"curies":[{"name":"wp","href":"https:\/\/api.w.org\/{rel}","templated":true}]}}